{"id":3083,"date":"2023-04-21T11:31:52","date_gmt":"2023-04-21T14:31:52","guid":{"rendered":"https:\/\/nordesteimprensa.com.br\/?p=3083"},"modified":"2023-04-21T11:31:53","modified_gmt":"2023-04-21T14:31:53","slug":"quem-saiu-do-bbb-23-ricardo-alface-e-o-17o-eliminado","status":"publish","type":"post","link":"https:\/\/nordesteimprensa.com.br\/index.php\/2023\/04\/21\/quem-saiu-do-bbb-23-ricardo-alface-e-o-17o-eliminado\/","title":{"rendered":"Quem saiu do BBB 23: Ricardo Alface \u00e9 o 17\u00ba eliminado"},"content":{"rendered":"\n<p>Clima de reta final no&nbsp;<a class=\"\" href=\"https:\/\/gshow.globo.com\/realities\/bbb\/bbb-23\/\">BBB<\/a>&nbsp;23! Antes da&nbsp;<strong>Prova do Finalista<\/strong>, que acontece logo mais durante o programa ao vivo,&nbsp;<a class=\"\" href=\"https:\/\/gshow.globo.com\/artistas\/tadeu-schmidt\/\">Tadeu Schmidt&nbsp;<\/a>d\u00e1 o resultado do Pared\u00e3o desta quinta, 20\/4. Quem sai hoje:&nbsp;<a class=\"\" href=\"https:\/\/gshow.globo.com\/realities\/bbb\/bbb-23\/participantes\/larissa\/\">Larissa&nbsp;<\/a>ou&nbsp;<a class=\"\" href=\"https:\/\/gshow.globo.com\/realities\/bbb\/bbb-23\/participantes\/ricardo\/\">Ricardo Alface<\/a>?&nbsp;<\/p>\n\n\n\n<p>Depois&nbsp;<a class=\"\" href=\"https:\/\/gshow.globo.com\/realities\/bbb\/bbb-23\/eliminacao\/noticia\/eliminacao-bbb-sisters-apostam-em-ricardo-para-deixar-o-bbb-23.ghtml\">dos palpites das sisters&nbsp;<\/a>da casa, o apresentador diz:&nbsp;<\/p>\n\n\n\n<p>&#8220;Chegou a hora. Quando eu terminar, seremos quatro. Vejam que incoer\u00eancia. Num jogo em que planta \u00e9 a coisa que mais se critica, a toda hora se fala de um vegetal nessa casa: Alface. Ali\u00e1s, uma verdura n\u00e3o era t\u00e3o falada desde os tempos do espinafre do Popeye. Pronto, meti logo uma refer\u00eancia aqui, porque o Alface adora. Decidi pegar essa caracter\u00edstica do Alface para falar da Larissa. Que refer\u00eancia o Ricardo usaria para falar da Larissa? F\u00eanix, a ave mitol\u00f3gica que pegava fogo, mas ressurgia das cinzas? A Larissa foi eliminada em seu primeiro Pared\u00e3o, mas voltou ao programa mais forte e j\u00e1 venceu dois Pared\u00f5es. (&#8230;) O que mudou para isso acontecer?&#8221;&nbsp;<\/p>\n\n\n\n<p>&#8220;Voltar ao jogo com tanta informa\u00e7\u00e3o l\u00e1 de fora \u00e9 injusto? \u00c9 poder demais? Ah, mas o Fred Nic\u00e1cio ficou mais tempo que a Larissa l\u00e1 for e j\u00e1 foi eliminado definitivamente. O que a Larissa fez? Voltou para fazer o Deserto invenc\u00edvel? Depois do retorno da Larissa, foram seis elimina\u00e7\u00f5es do Fundo do Mar seguidas, at\u00e9 a extin\u00e7\u00e3o do grupo em uma virada inacredit\u00e1vel. Mas o Ricardo nunca foi mar\u00edtimo. Inclusive, ajudou a eliminar gente do lado de l\u00e1. Ele \u00e9 o cavaleiro solit\u00e1rio, o \u00faltimo dos moicanos! E a pr\u00f3pria Larissa trouxe tamb\u00e9m a informa\u00e7\u00e3o de que o Ricardo vinha fazendo sucesso com o p\u00fablico&#8221;.<\/p>\n\n\n\n<p>&#8220;Para falar do Alface, eu nem precisaria trazer refer\u00eancias. Ele j\u00e1 trouxe tantas, para explicar suas teorias e explicar acontecimentos, falou de Mestre dos Magos a Roberto Carlos, Esparta, Seu Madruga, Passada Europeia. Fora os modos especiais que ele elaborou para encarar o BBB (&#8230;)&#8221;.&nbsp;<\/p>\n\n\n\n<p>&#8220;Mas, no futuro, quem vai ser usado como refer\u00eancia \u00e9 voc\u00ea, Ricardo. Algu\u00e9m vai dizer: &#8216;Estou no Modo Alface&#8217;. O que significa isso? Ser como ningu\u00e9m, fazer exatamente o que se espera de quem entra nessa casa, protagonizar cenas inesquec\u00edveis, se entregar 100%, dar a vida sem medo, jamais escolher o caminho confort\u00e1vel, jamais se esconder, procurar o jogo como ningu\u00e9m! Criar confus\u00e3o pelas maiores bobagens, mas tamb\u00e9m despertar afeto pelo que \u00e9 mais importante. \u00c9 assim que o cara mais esquentado da casa consegue levar apenas um voto em 95 dias! \u00c9 um artista liso! Porque esse caos, esse nervosismo, esconde uma pureza. E, no fundo, a vontade de n\u00e3o desrespeitar ningu\u00e9m&#8221;.&nbsp;<\/p>\n\n\n\n<p>&#8220;Quem um dia disse que voc\u00ea n\u00e3o ia ser nada na vida j\u00e1 engoliu as palavras h\u00e1 muito tempo. Voc\u00ea saiu de casa s\u00f3 com o dinheiro da passagem de ida e voltou mestre! Se Seu Silvano j\u00e1 sentia tanto orgulho, imagine o que ele sentiria vendo voc\u00ea aqui, esbanjando intelig\u00eancia, talento e dedica\u00e7\u00e3o no seu Coliseu. J\u00e1 que falei do Coliseu, a grande arena, ent\u00e3o a refer\u00eancia do futebol: Cristiano Ronaldo, Zico, Cruijff, Puskas&#8230; o que esses craques t\u00eam em comum? N\u00e3o venceram a Copa do Mundo. Aqui estou eu no papel de pai triste, como voc\u00ea j\u00e1 disse certa vez, para dizer que quem sai hoje \u00e9 voc\u00ea, Alface&#8221;.<\/p>\n\n\n\n<p>Fonte: G1 SE<\/p>\n","protected":false},"excerpt":{"rendered":"<p>Clima de reta final no&nbsp;BBB&nbsp;23! Antes da&nbsp;Prova do Finalista, que acontece logo mais durante o programa ao vivo,&nbsp;Tadeu Schmidt&nbsp;d\u00e1 o resultado do Pared\u00e3o desta quinta, 20\/4. Quem sai hoje:&nbsp;Larissa&nbsp;ou&nbsp;Ricardo Alface?&nbsp; Depois&nbsp;dos palpites das sisters&nbsp;da casa, o apresentador diz:&nbsp; &#8220;Chegou a hora. Quando eu terminar, seremos quatro. Vejam que incoer\u00eancia. Num jogo em que planta \u00e9 [&hellip;]<\/p>\n","protected":false},"author":1,"featured_media":3085,"comment_status":"open","ping_status":"open","sticky":false,"template":"","format":"standard","meta":{"footnotes":""},"categories":[10],"tags":[],"class_list":{"0":"post-3083","1":"post","2":"type-post","3":"status-publish","4":"format-standard","5":"has-post-thumbnail","7":"category-theme-features"},"_links":{"self":[{"href":"https:\/\/nordesteimprensa.com.br\/index.php\/wp-json\/wp\/v2\/posts\/3083","targetHints":{"allow":["GET"]}}],"collection":[{"href":"https:\/\/nordesteimprensa.com.br\/index.php\/wp-json\/wp\/v2\/posts"}],"about":[{"href":"https:\/\/nordesteimprensa.com.br\/index.php\/wp-json\/wp\/v2\/types\/post"}],"author":[{"embeddable":true,"href":"https:\/\/nordesteimprensa.com.br\/index.php\/wp-json\/wp\/v2\/users\/1"}],"replies":[{"embeddable":true,"href":"https:\/\/nordesteimprensa.com.br\/index.php\/wp-json\/wp\/v2\/comments?post=3083"}],"version-history":[{"count":1,"href":"https:\/\/nordesteimprensa.com.br\/index.php\/wp-json\/wp\/v2\/posts\/3083\/revisions"}],"predecessor-version":[{"id":3086,"href":"https:\/\/nordesteimprensa.com.br\/index.php\/wp-json\/wp\/v2\/posts\/3083\/revisions\/3086"}],"wp:featuredmedia":[{"embeddable":true,"href":"https:\/\/nordesteimprensa.com.br\/index.php\/wp-json\/wp\/v2\/media\/3085"}],"wp:attachment":[{"href":"https:\/\/nordesteimprensa.com.br\/index.php\/wp-json\/wp\/v2\/media?parent=3083"}],"wp:term":[{"taxonomy":"category","embeddable":true,"href":"https:\/\/nordesteimprensa.com.br\/index.php\/wp-json\/wp\/v2\/categories?post=3083"},{"taxonomy":"post_tag","embeddable":true,"href":"https:\/\/nordesteimprensa.com.br\/index.php\/wp-json\/wp\/v2\/tags?post=3083"}],"curies":[{"name":"wp","href":"https:\/\/api.w.org\/{rel}","templated":true}]}}