{"id":3087,"date":"2023-04-22T08:12:49","date_gmt":"2023-04-22T11:12:49","guid":{"rendered":"https:\/\/nordesteimprensa.com.br\/?p=3087"},"modified":"2023-04-22T08:12:51","modified_gmt":"2023-04-22T11:12:51","slug":"homem-e-morto-com-13-tiros-em-frente-a-academia","status":"publish","type":"post","link":"https:\/\/nordesteimprensa.com.br\/index.php\/2023\/04\/22\/homem-e-morto-com-13-tiros-em-frente-a-academia\/","title":{"rendered":"Homem \u00e9 morto com 13 tiros em frente a academia"},"content":{"rendered":"\n<p>Na \u00faltima quarta-feira, 19, um jovem de 20 anos foi morto a tiros em frente a uma academia na Avenida Jo\u00e3o Rodrigues, no bairro Industrial, em Aracaju.<\/p>\n\n\n\n<p>Segundo informa\u00e7\u00f5es da Pol\u00edcia Militar, a v\u00edtima foi encontrada ca\u00edda ao ch\u00e3o e desacordada. O Servi\u00e7o de Atendimento M\u00f3vel de Urg\u00eancia (Samu) foi acionado ao local e constatou o \u00f3bito. O jovem&nbsp;tinha 13 perfura\u00e7\u00f5es por disparos de arma de fogo no corpo.<\/p>\n\n\n\n<p>O Departamento de Homic\u00eddios e Prote\u00e7\u00e3o \u00e0 Pessoa (DHPP) e a Per\u00edcia tamb\u00e9m foram acionados. O corpo foi recolhido pelo Instituto M\u00e9dico Legal (IML).<\/p>\n\n\n\n<p>A autoria e a motiva\u00e7\u00e3o do crime s\u00e3o desconhecidas. Informa\u00e7\u00f5es que corroborem para a elucida\u00e7\u00e3o do caso podem ser repassadas para o Disque Den\u00fancia atrav\u00e9s do 181.<\/p>\n\n\n\n<p>Fonte: Fan F1<\/p>\n","protected":false},"excerpt":{"rendered":"<p>Na \u00faltima quarta-feira, 19, um jovem de 20 anos foi morto a tiros em frente a uma academia na Avenida Jo\u00e3o Rodrigues, no bairro Industrial, em Aracaju. Segundo informa\u00e7\u00f5es da Pol\u00edcia Militar, a v\u00edtima foi encontrada ca\u00edda ao ch\u00e3o e desacordada. O Servi\u00e7o de Atendimento M\u00f3vel de Urg\u00eancia (Samu) foi acionado ao local e constatou [&hellip;]<\/p>\n","protected":false},"author":1,"featured_media":3088,"comment_status":"open","ping_status":"open","sticky":false,"template":"","format":"standard","meta":{"footnotes":""},"categories":[10],"tags":[],"class_list":{"0":"post-3087","1":"post","2":"type-post","3":"status-publish","4":"format-standard","5":"has-post-thumbnail","7":"category-theme-features"},"_links":{"self":[{"href":"https:\/\/nordesteimprensa.com.br\/index.php\/wp-json\/wp\/v2\/posts\/3087","targetHints":{"allow":["GET"]}}],"collection":[{"href":"https:\/\/nordesteimprensa.com.br\/index.php\/wp-json\/wp\/v2\/posts"}],"about":[{"href":"https:\/\/nordesteimprensa.com.br\/index.php\/wp-json\/wp\/v2\/types\/post"}],"author":[{"embeddable":true,"href":"https:\/\/nordesteimprensa.com.br\/index.php\/wp-json\/wp\/v2\/users\/1"}],"replies":[{"embeddable":true,"href":"https:\/\/nordesteimprensa.com.br\/index.php\/wp-json\/wp\/v2\/comments?post=3087"}],"version-history":[{"count":1,"href":"https:\/\/nordesteimprensa.com.br\/index.php\/wp-json\/wp\/v2\/posts\/3087\/revisions"}],"predecessor-version":[{"id":3089,"href":"https:\/\/nordesteimprensa.com.br\/index.php\/wp-json\/wp\/v2\/posts\/3087\/revisions\/3089"}],"wp:featuredmedia":[{"embeddable":true,"href":"https:\/\/nordesteimprensa.com.br\/index.php\/wp-json\/wp\/v2\/media\/3088"}],"wp:attachment":[{"href":"https:\/\/nordesteimprensa.com.br\/index.php\/wp-json\/wp\/v2\/media?parent=3087"}],"wp:term":[{"taxonomy":"category","embeddable":true,"href":"https:\/\/nordesteimprensa.com.br\/index.php\/wp-json\/wp\/v2\/categories?post=3087"},{"taxonomy":"post_tag","embeddable":true,"href":"https:\/\/nordesteimprensa.com.br\/index.php\/wp-json\/wp\/v2\/tags?post=3087"}],"curies":[{"name":"wp","href":"https:\/\/api.w.org\/{rel}","templated":true}]}}