{"id":3093,"date":"2023-04-25T00:05:37","date_gmt":"2023-04-25T03:05:37","guid":{"rendered":"https:\/\/nordesteimprensa.com.br\/?p=3093"},"modified":"2023-04-25T00:05:38","modified_gmt":"2023-04-25T03:05:38","slug":"pm-prende-homem-que-transitava-com-meio-quilo-de-maconha-em-salgado","status":"publish","type":"post","link":"https:\/\/nordesteimprensa.com.br\/index.php\/2023\/04\/25\/pm-prende-homem-que-transitava-com-meio-quilo-de-maconha-em-salgado\/","title":{"rendered":"PM prende homem que transitava com meio quilo de maconha em Salgado"},"content":{"rendered":"\n<p>Policiais da 2\u00aa Companhia do 6\u00ba Batalh\u00e3o de Pol\u00edcia Militar (2\u00aa Cia\/6\u00ba BPM) prenderam um homem com meio quilo de maconha no munic\u00edpio de Salgado. O flagrante aconteceu na \u00faltima sexta-feira, 21.<\/p>\n\n\n\n<p>De acordo com a Pol\u00edcia Militar, a pris\u00e3o ocorreu durante rondas no povoado \u00c1gua Fria, onde a equipe policial recebeu informa\u00e7\u00f5es sobre um homem suspeito de aterrorizar a regi\u00e3o com tr\u00e1fico de drogas e disparos de arma de fogo.<\/p>\n\n\n\n<p>\u201cOs militares foram averiguar a den\u00fancia e localizaram o suspeito com duas sacolas.\u00a0Na revista, os policiais descobriram que havia cerca de meio quilo de maconha nas bolsas que pertenciam ao denunciado.\u00a0O homem foi preso em flagrante pela suspeita de tr\u00e1fico il\u00edcito de drogas e encaminhado \u00e0 Delegacia de Lagarto\u201d, relatou a PM.<\/p>\n\n\n\n<p>Fonte:  Lagartense <\/p>\n","protected":false},"excerpt":{"rendered":"<p>Policiais da 2\u00aa Companhia do 6\u00ba Batalh\u00e3o de Pol\u00edcia Militar (2\u00aa Cia\/6\u00ba BPM) prenderam um homem com meio quilo de maconha no munic\u00edpio de Salgado. O flagrante aconteceu na \u00faltima sexta-feira, 21. De acordo com a Pol\u00edcia Militar, a pris\u00e3o ocorreu durante rondas no povoado \u00c1gua Fria, onde a equipe policial recebeu informa\u00e7\u00f5es sobre um [&hellip;]<\/p>\n","protected":false},"author":1,"featured_media":3094,"comment_status":"open","ping_status":"open","sticky":false,"template":"","format":"standard","meta":{"footnotes":""},"categories":[10],"tags":[],"class_list":{"0":"post-3093","1":"post","2":"type-post","3":"status-publish","4":"format-standard","5":"has-post-thumbnail","7":"category-theme-features"},"_links":{"self":[{"href":"https:\/\/nordesteimprensa.com.br\/index.php\/wp-json\/wp\/v2\/posts\/3093","targetHints":{"allow":["GET"]}}],"collection":[{"href":"https:\/\/nordesteimprensa.com.br\/index.php\/wp-json\/wp\/v2\/posts"}],"about":[{"href":"https:\/\/nordesteimprensa.com.br\/index.php\/wp-json\/wp\/v2\/types\/post"}],"author":[{"embeddable":true,"href":"https:\/\/nordesteimprensa.com.br\/index.php\/wp-json\/wp\/v2\/users\/1"}],"replies":[{"embeddable":true,"href":"https:\/\/nordesteimprensa.com.br\/index.php\/wp-json\/wp\/v2\/comments?post=3093"}],"version-history":[{"count":1,"href":"https:\/\/nordesteimprensa.com.br\/index.php\/wp-json\/wp\/v2\/posts\/3093\/revisions"}],"predecessor-version":[{"id":3095,"href":"https:\/\/nordesteimprensa.com.br\/index.php\/wp-json\/wp\/v2\/posts\/3093\/revisions\/3095"}],"wp:featuredmedia":[{"embeddable":true,"href":"https:\/\/nordesteimprensa.com.br\/index.php\/wp-json\/wp\/v2\/media\/3094"}],"wp:attachment":[{"href":"https:\/\/nordesteimprensa.com.br\/index.php\/wp-json\/wp\/v2\/media?parent=3093"}],"wp:term":[{"taxonomy":"category","embeddable":true,"href":"https:\/\/nordesteimprensa.com.br\/index.php\/wp-json\/wp\/v2\/categories?post=3093"},{"taxonomy":"post_tag","embeddable":true,"href":"https:\/\/nordesteimprensa.com.br\/index.php\/wp-json\/wp\/v2\/tags?post=3093"}],"curies":[{"name":"wp","href":"https:\/\/api.w.org\/{rel}","templated":true}]}}