{"id":3100,"date":"2023-04-25T16:11:24","date_gmt":"2023-04-25T19:11:24","guid":{"rendered":"https:\/\/nordesteimprensa.com.br\/?p=3100"},"modified":"2023-04-25T16:11:24","modified_gmt":"2023-04-25T19:11:24","slug":"mulher-e-morta-a-tiros-e-filho-de-oito-anos-fica-ferido","status":"publish","type":"post","link":"https:\/\/nordesteimprensa.com.br\/index.php\/2023\/04\/25\/mulher-e-morta-a-tiros-e-filho-de-oito-anos-fica-ferido\/","title":{"rendered":"Mulher \u00e9 morta a tiros e filho de oito anos fica ferido"},"content":{"rendered":"\n<p>Uma mulher de 26 anos foi morta a tiros dentro de casa, no Campo de Avia\u00e7\u00e3o, Bairro Aeroporto, no munic\u00edpio de&nbsp;Capela, no \u00faltimo domingo, 23. De acordo com a Pol\u00edcia Militar, o filho dela, de oito anos, levou um tiro de rasp\u00e3o.<\/p>\n\n\n\n<p>Um parente da v\u00edtima, que testemunhou o crime, informou que eles estavam sentados no sof\u00e1, quando um homem chegou em uma motocicleta procurando a mulher. Ela teria levantado e dito que queria falar com ele, mas foi recebida a tiros. Nesse momento, o filho da v\u00edtima tamb\u00e9m foi baleado.<\/p>\n\n\n\n<p>A crian\u00e7a foi socorrida e levada a um hospital do munic\u00edpio. O corpo da v\u00edtima foi recolhido pelo Instituto M\u00e9dico Legal.<\/p>\n\n\n\n<p>O caso est\u00e1 sendo investigado pela Pol\u00edcia Civil. Informa\u00e7\u00f5es sobre o crime podem ser repassadas ao Disque-Den\u00fancia, no telefone 181.<\/p>\n\n\n\n<p>Fonte: G1 SE<\/p>\n","protected":false},"excerpt":{"rendered":"<p>Uma mulher de 26 anos foi morta a tiros dentro de casa, no Campo de Avia\u00e7\u00e3o, Bairro Aeroporto, no munic\u00edpio de&nbsp;Capela, no \u00faltimo domingo, 23. De acordo com a Pol\u00edcia Militar, o filho dela, de oito anos, levou um tiro de rasp\u00e3o. Um parente da v\u00edtima, que testemunhou o crime, informou que eles estavam sentados [&hellip;]<\/p>\n","protected":false},"author":1,"featured_media":3101,"comment_status":"open","ping_status":"open","sticky":false,"template":"","format":"standard","meta":{"footnotes":""},"categories":[10],"tags":[],"class_list":{"0":"post-3100","1":"post","2":"type-post","3":"status-publish","4":"format-standard","5":"has-post-thumbnail","7":"category-theme-features"},"_links":{"self":[{"href":"https:\/\/nordesteimprensa.com.br\/index.php\/wp-json\/wp\/v2\/posts\/3100","targetHints":{"allow":["GET"]}}],"collection":[{"href":"https:\/\/nordesteimprensa.com.br\/index.php\/wp-json\/wp\/v2\/posts"}],"about":[{"href":"https:\/\/nordesteimprensa.com.br\/index.php\/wp-json\/wp\/v2\/types\/post"}],"author":[{"embeddable":true,"href":"https:\/\/nordesteimprensa.com.br\/index.php\/wp-json\/wp\/v2\/users\/1"}],"replies":[{"embeddable":true,"href":"https:\/\/nordesteimprensa.com.br\/index.php\/wp-json\/wp\/v2\/comments?post=3100"}],"version-history":[{"count":1,"href":"https:\/\/nordesteimprensa.com.br\/index.php\/wp-json\/wp\/v2\/posts\/3100\/revisions"}],"predecessor-version":[{"id":3102,"href":"https:\/\/nordesteimprensa.com.br\/index.php\/wp-json\/wp\/v2\/posts\/3100\/revisions\/3102"}],"wp:featuredmedia":[{"embeddable":true,"href":"https:\/\/nordesteimprensa.com.br\/index.php\/wp-json\/wp\/v2\/media\/3101"}],"wp:attachment":[{"href":"https:\/\/nordesteimprensa.com.br\/index.php\/wp-json\/wp\/v2\/media?parent=3100"}],"wp:term":[{"taxonomy":"category","embeddable":true,"href":"https:\/\/nordesteimprensa.com.br\/index.php\/wp-json\/wp\/v2\/categories?post=3100"},{"taxonomy":"post_tag","embeddable":true,"href":"https:\/\/nordesteimprensa.com.br\/index.php\/wp-json\/wp\/v2\/tags?post=3100"}],"curies":[{"name":"wp","href":"https:\/\/api.w.org\/{rel}","templated":true}]}}