{"id":3204,"date":"2023-05-17T15:31:45","date_gmt":"2023-05-17T18:31:45","guid":{"rendered":"https:\/\/nordesteimprensa.com.br\/?p=3204"},"modified":"2023-05-17T15:31:45","modified_gmt":"2023-05-17T18:31:45","slug":"arma-de-brinquedo-e-encontrada-em-bolsa-de-aluna-da-rede-estadual","status":"publish","type":"post","link":"https:\/\/nordesteimprensa.com.br\/index.php\/2023\/05\/17\/arma-de-brinquedo-e-encontrada-em-bolsa-de-aluna-da-rede-estadual\/","title":{"rendered":"Arma de brinquedo \u00e9 encontrada em bolsa de aluna da rede estadual"},"content":{"rendered":"\n<p>Uma arma de brinquedo foi encontrada na bolsa de uma estudante do Col\u00e9gio Estadual Jos\u00e9 Amaral Lemos, localizado no munic\u00edpio de Pirambu. A informa\u00e7\u00e3o foi confirmada pela Secretaria de Estado da Educa\u00e7\u00e3o (Seduc), nesta quarta-feira, 17.<\/p>\n\n\n\n<p>Segundo apura\u00e7\u00e3o inicial, um aluno teria localizado a arma de brinquedo na mochila da aluna, que negou que o objeto fosse de propriedade dela.<\/p>\n\n\n\n<p>De acordo com a Seduc, ao tomar conhecimento do fato, a escola convocou o Conselho Tutelar, a fam\u00edlia e o Conselho Escola para tratar do epis\u00f3dio.<\/p>\n\n\n\n<p>Ainda segundo a Seduc, autoridades policiais tamb\u00e9m foram acionadas para as devidas provid\u00eancias. O caso j\u00e1 est\u00e1 sob responsabilidade das autoridades policiais para investiga\u00e7\u00e3o.<\/p>\n\n\n\n<p>Fonte:  Infonet <\/p>\n\n\n\n<p><br><\/p>\n","protected":false},"excerpt":{"rendered":"<p>Uma arma de brinquedo foi encontrada na bolsa de uma estudante do Col\u00e9gio Estadual Jos\u00e9 Amaral Lemos, localizado no munic\u00edpio de Pirambu. A informa\u00e7\u00e3o foi confirmada pela Secretaria de Estado da Educa\u00e7\u00e3o (Seduc), nesta quarta-feira, 17. Segundo apura\u00e7\u00e3o inicial, um aluno teria localizado a arma de brinquedo na mochila da aluna, que negou que o [&hellip;]<\/p>\n","protected":false},"author":1,"featured_media":3205,"comment_status":"open","ping_status":"open","sticky":false,"template":"","format":"standard","meta":{"footnotes":""},"categories":[10],"tags":[],"class_list":{"0":"post-3204","1":"post","2":"type-post","3":"status-publish","4":"format-standard","5":"has-post-thumbnail","7":"category-theme-features"},"_links":{"self":[{"href":"https:\/\/nordesteimprensa.com.br\/index.php\/wp-json\/wp\/v2\/posts\/3204","targetHints":{"allow":["GET"]}}],"collection":[{"href":"https:\/\/nordesteimprensa.com.br\/index.php\/wp-json\/wp\/v2\/posts"}],"about":[{"href":"https:\/\/nordesteimprensa.com.br\/index.php\/wp-json\/wp\/v2\/types\/post"}],"author":[{"embeddable":true,"href":"https:\/\/nordesteimprensa.com.br\/index.php\/wp-json\/wp\/v2\/users\/1"}],"replies":[{"embeddable":true,"href":"https:\/\/nordesteimprensa.com.br\/index.php\/wp-json\/wp\/v2\/comments?post=3204"}],"version-history":[{"count":1,"href":"https:\/\/nordesteimprensa.com.br\/index.php\/wp-json\/wp\/v2\/posts\/3204\/revisions"}],"predecessor-version":[{"id":3206,"href":"https:\/\/nordesteimprensa.com.br\/index.php\/wp-json\/wp\/v2\/posts\/3204\/revisions\/3206"}],"wp:featuredmedia":[{"embeddable":true,"href":"https:\/\/nordesteimprensa.com.br\/index.php\/wp-json\/wp\/v2\/media\/3205"}],"wp:attachment":[{"href":"https:\/\/nordesteimprensa.com.br\/index.php\/wp-json\/wp\/v2\/media?parent=3204"}],"wp:term":[{"taxonomy":"category","embeddable":true,"href":"https:\/\/nordesteimprensa.com.br\/index.php\/wp-json\/wp\/v2\/categories?post=3204"},{"taxonomy":"post_tag","embeddable":true,"href":"https:\/\/nordesteimprensa.com.br\/index.php\/wp-json\/wp\/v2\/tags?post=3204"}],"curies":[{"name":"wp","href":"https:\/\/api.w.org\/{rel}","templated":true}]}}