{"id":3232,"date":"2023-05-23T08:18:09","date_gmt":"2023-05-23T11:18:09","guid":{"rendered":"https:\/\/nordesteimprensa.com.br\/?p=3232"},"modified":"2023-05-23T08:18:10","modified_gmt":"2023-05-23T11:18:10","slug":"policia-investiga-morte-de-enfermeira-em-condominio-de-sao-cristovao","status":"publish","type":"post","link":"https:\/\/nordesteimprensa.com.br\/index.php\/2023\/05\/23\/policia-investiga-morte-de-enfermeira-em-condominio-de-sao-cristovao\/","title":{"rendered":"Pol\u00edcia investiga morte de enfermeira em condom\u00ednio de S\u00e3o Crist\u00f3v\u00e3o"},"content":{"rendered":"\n<p>A Pol\u00edcia Civil informou que j\u00e1 deu in\u00edcio \u00e0s investiga\u00e7\u00f5es a cerca da morte da enfermeira Daniele Nunes de Braga, de 38 anos, que teve seu corpo encontrado em um condom\u00ednio, localizado no bairro Marcelo D\u00e9da, em S\u00e3o Crist\u00f3v\u00e3o, no \u00faltimo dia 21 de maio. A informa\u00e7\u00e3o \u00e9 da Secretaria de Seguran\u00e7a P\u00fablica de Sergipe (SSP\/SE).<\/p>\n\n\n\n<p>Segundo a SSP, na ocasi\u00e3o, a equipe de local de crime e o Instituto M\u00e9dico Legal (IML) foram acionados, fizeram os exames periciais e o recolhimento do corpo.<\/p>\n\n\n\n<p>Ainda n\u00e3o se tem informa\u00e7\u00f5es sobre as circunst\u00e2ncias da morte, mas um inqu\u00e9rito para apura\u00e7\u00e3o j\u00e1 foi instaurado pelo Departamento de Homic\u00eddios e Prote\u00e7\u00e3o \u00e0 Pessoa (DHPP).<\/p>\n\n\n\n<p><strong>Coren-SE<\/strong><\/p>\n\n\n\n<p>Em nota, o Conselho Regional de Enfermagem De Sergipe (Coren-SE) lamentou a morte da enfermeira e elogiou o seu trabalho. \u201cProfissional muito competente que exerceu a enfermagem de forma admir\u00e1vel. Sua dedica\u00e7\u00e3o e amor \u00e0 enfermagem ser\u00e3o sempre lembrados por todos aqueles que estiveram ao seu lado\u201d, diz a nota.<\/p>\n\n\n\n<p>Daniele, atualmente, fazia parte do corpo de enfermagem do Hospital de Urg\u00eancia de Sergipe (Huse), na Ala Azul. Mas tamb\u00e9m j\u00e1 atuou na Aten\u00e7\u00e3o B\u00e1sica no Munic\u00edpio de Capela.<\/p>\n\n\n\n<p>A Secretaria de Estado da Sa\u00fade (SES) tamb\u00e9m emitiu nota se solidarizando com familiares e amigos e expressando condol\u00eancias pela perda.<\/p>\n\n\n\n<p>Fonte:  Infonet <\/p>\n","protected":false},"excerpt":{"rendered":"<p>A Pol\u00edcia Civil informou que j\u00e1 deu in\u00edcio \u00e0s investiga\u00e7\u00f5es a cerca da morte da enfermeira Daniele Nunes de Braga, de 38 anos, que teve seu corpo encontrado em um condom\u00ednio, localizado no bairro Marcelo D\u00e9da, em S\u00e3o Crist\u00f3v\u00e3o, no \u00faltimo dia 21 de maio. A informa\u00e7\u00e3o \u00e9 da Secretaria de Seguran\u00e7a P\u00fablica de Sergipe [&hellip;]<\/p>\n","protected":false},"author":1,"featured_media":3233,"comment_status":"open","ping_status":"open","sticky":false,"template":"","format":"standard","meta":{"footnotes":""},"categories":[10],"tags":[],"class_list":{"0":"post-3232","1":"post","2":"type-post","3":"status-publish","4":"format-standard","5":"has-post-thumbnail","7":"category-theme-features"},"_links":{"self":[{"href":"https:\/\/nordesteimprensa.com.br\/index.php\/wp-json\/wp\/v2\/posts\/3232","targetHints":{"allow":["GET"]}}],"collection":[{"href":"https:\/\/nordesteimprensa.com.br\/index.php\/wp-json\/wp\/v2\/posts"}],"about":[{"href":"https:\/\/nordesteimprensa.com.br\/index.php\/wp-json\/wp\/v2\/types\/post"}],"author":[{"embeddable":true,"href":"https:\/\/nordesteimprensa.com.br\/index.php\/wp-json\/wp\/v2\/users\/1"}],"replies":[{"embeddable":true,"href":"https:\/\/nordesteimprensa.com.br\/index.php\/wp-json\/wp\/v2\/comments?post=3232"}],"version-history":[{"count":1,"href":"https:\/\/nordesteimprensa.com.br\/index.php\/wp-json\/wp\/v2\/posts\/3232\/revisions"}],"predecessor-version":[{"id":3234,"href":"https:\/\/nordesteimprensa.com.br\/index.php\/wp-json\/wp\/v2\/posts\/3232\/revisions\/3234"}],"wp:featuredmedia":[{"embeddable":true,"href":"https:\/\/nordesteimprensa.com.br\/index.php\/wp-json\/wp\/v2\/media\/3233"}],"wp:attachment":[{"href":"https:\/\/nordesteimprensa.com.br\/index.php\/wp-json\/wp\/v2\/media?parent=3232"}],"wp:term":[{"taxonomy":"category","embeddable":true,"href":"https:\/\/nordesteimprensa.com.br\/index.php\/wp-json\/wp\/v2\/categories?post=3232"},{"taxonomy":"post_tag","embeddable":true,"href":"https:\/\/nordesteimprensa.com.br\/index.php\/wp-json\/wp\/v2\/tags?post=3232"}],"curies":[{"name":"wp","href":"https:\/\/api.w.org\/{rel}","templated":true}]}}