{"id":3253,"date":"2023-05-26T14:44:43","date_gmt":"2023-05-26T17:44:43","guid":{"rendered":"https:\/\/nordesteimprensa.com.br\/?p=3253"},"modified":"2023-05-26T14:44:43","modified_gmt":"2023-05-26T17:44:43","slug":"nat-divulga-54-vagas-de-trabalho-para-carmopolis","status":"publish","type":"post","link":"https:\/\/nordesteimprensa.com.br\/index.php\/2023\/05\/26\/nat-divulga-54-vagas-de-trabalho-para-carmopolis\/","title":{"rendered":"NAT divulga 54 vagas de trabalho para Carm\u00f3polis"},"content":{"rendered":"\n<p>O N\u00facleo de Apoio ao Trabalho (NAT) de Sergipe divulgou a abertura de 54 vagas de emprego para a popula\u00e7\u00e3o de&nbsp;<a class=\"\" href=\"https:\/\/g1.globo.com\/se\/sergipe\/cidade\/carmopolis\/\">Carm\u00f3polis<\/a>&nbsp;. O cadastramento dos interessados ser\u00e1 ofertado nesta sexta-feira (26), durante projeto do governo que leva a\u00e7\u00f5es de cidadania a munic\u00edpios sergipanos.&nbsp;<\/p>\n\n\n\n<p>Os interessados devem comparecer \u00e0 Escola Estadual Poeta Jos\u00e9 Sampaio, na sala 6, destinada aos servi\u00e7os da Seteem e do NAT, para realiza\u00e7\u00e3o de cadastro. O atendimento ser\u00e1 das 8h \u00e0s 16h.&nbsp;<\/p>\n\n\n\n<p>De acordo com o NAT, as vagas dispon\u00edveis s\u00e3o para auxiliar de servi\u00e7os gerais; auxiliar administrativo; auxiliar de cozinha; cozinheiro (a); motorista &#8211; categoria B; gar\u00e7om\/gar\u00e7onete; caixa; churrasqueiro; camareira; porteiro; folguista; motorista carreteiro &#8211; categoria E; motorista truck &#8211; categoria D; e ajudante de motorista.&nbsp;<\/p>\n\n\n\n<p>Al\u00e9m da oferta de vagas de trabalho, outros servi\u00e7os ser\u00e3o dispon\u00edveis \u00e0 comunidade, como orienta\u00e7\u00f5es sobre a Carteira de Trabalho e Previd\u00eancia Social (CTPS) digital; cadastro de empregadores para capta\u00e7\u00e3o de vagas; cadastro e atualiza\u00e7\u00e3o de cadastro de trabalhadores em busca de emprego; cadastro para recebimento do Seguro Desemprego; cadastro e atualiza\u00e7\u00e3o da carteira de artes\u00e3os; orienta\u00e7\u00f5es sobre como se inscrever nos editais para feiras de artesanato e cadastramento de empreendimentos econ\u00f4micos solid\u00e1rios.&nbsp;<\/p>\n","protected":false},"excerpt":{"rendered":"<p>O N\u00facleo de Apoio ao Trabalho (NAT) de Sergipe divulgou a abertura de 54 vagas de emprego para a popula\u00e7\u00e3o de&nbsp;Carm\u00f3polis&nbsp;. O cadastramento dos interessados ser\u00e1 ofertado nesta sexta-feira (26), durante projeto do governo que leva a\u00e7\u00f5es de cidadania a munic\u00edpios sergipanos.&nbsp; Os interessados devem comparecer \u00e0 Escola Estadual Poeta Jos\u00e9 Sampaio, na sala 6, [&hellip;]<\/p>\n","protected":false},"author":1,"featured_media":3254,"comment_status":"open","ping_status":"open","sticky":false,"template":"","format":"standard","meta":{"footnotes":""},"categories":[10],"tags":[],"class_list":{"0":"post-3253","1":"post","2":"type-post","3":"status-publish","4":"format-standard","5":"has-post-thumbnail","7":"category-theme-features"},"_links":{"self":[{"href":"https:\/\/nordesteimprensa.com.br\/index.php\/wp-json\/wp\/v2\/posts\/3253","targetHints":{"allow":["GET"]}}],"collection":[{"href":"https:\/\/nordesteimprensa.com.br\/index.php\/wp-json\/wp\/v2\/posts"}],"about":[{"href":"https:\/\/nordesteimprensa.com.br\/index.php\/wp-json\/wp\/v2\/types\/post"}],"author":[{"embeddable":true,"href":"https:\/\/nordesteimprensa.com.br\/index.php\/wp-json\/wp\/v2\/users\/1"}],"replies":[{"embeddable":true,"href":"https:\/\/nordesteimprensa.com.br\/index.php\/wp-json\/wp\/v2\/comments?post=3253"}],"version-history":[{"count":1,"href":"https:\/\/nordesteimprensa.com.br\/index.php\/wp-json\/wp\/v2\/posts\/3253\/revisions"}],"predecessor-version":[{"id":3255,"href":"https:\/\/nordesteimprensa.com.br\/index.php\/wp-json\/wp\/v2\/posts\/3253\/revisions\/3255"}],"wp:featuredmedia":[{"embeddable":true,"href":"https:\/\/nordesteimprensa.com.br\/index.php\/wp-json\/wp\/v2\/media\/3254"}],"wp:attachment":[{"href":"https:\/\/nordesteimprensa.com.br\/index.php\/wp-json\/wp\/v2\/media?parent=3253"}],"wp:term":[{"taxonomy":"category","embeddable":true,"href":"https:\/\/nordesteimprensa.com.br\/index.php\/wp-json\/wp\/v2\/categories?post=3253"},{"taxonomy":"post_tag","embeddable":true,"href":"https:\/\/nordesteimprensa.com.br\/index.php\/wp-json\/wp\/v2\/tags?post=3253"}],"curies":[{"name":"wp","href":"https:\/\/api.w.org\/{rel}","templated":true}]}}