{"id":3259,"date":"2023-05-27T10:15:45","date_gmt":"2023-05-27T13:15:45","guid":{"rendered":"https:\/\/nordesteimprensa.com.br\/?p=3259"},"modified":"2023-05-27T10:15:46","modified_gmt":"2023-05-27T13:15:46","slug":"idoso-respondera-por-maus-tratos-contra-dois-caes-em-socorro","status":"publish","type":"post","link":"https:\/\/nordesteimprensa.com.br\/index.php\/2023\/05\/27\/idoso-respondera-por-maus-tratos-contra-dois-caes-em-socorro\/","title":{"rendered":"Idoso responder\u00e1 por maus-tratos contra dois c\u00e3es em Socorro"},"content":{"rendered":"\n<p>Policiais civis da Delegacia Especializada de Prote\u00e7\u00e3o Animal e Meio Ambiente (Depama) resgataram dois cachorros em situa\u00e7\u00e3o de maus-tratos da resid\u00eancia de seu tutor, no Conjunto Jardim, em Nossa Senhora do Socorro. A a\u00e7\u00e3o foi realizada na \u00faltima sexta-feira, 26, em Nossa Senhora do Socorro.<\/p>\n\n\n\n<p>Ap\u00f3s receberem den\u00fancia sobre um idoso que maltratava dois cachorros, no Conjunto Jardim, equipes da Depama sa\u00edram imediatamente em dilig\u00eancia para o local, onde encontraram os animais muito desnutridos, maltratados, com v\u00e1rias doen\u00e7as e carrapatos. Os policiais tamb\u00e9m constataram que os cachorros se alimentavam com uma ra\u00e7\u00e3o inapropriada.<\/p>\n\n\n\n<p>\u201cN\u00f3s fizemos a apreens\u00e3o dos animais, fizemos o resgate e encaminhamos a uma cl\u00ednica veterin\u00e1ria, onde foram feitos os exames e eles foram medicados. O senhor n\u00e3o foi preso por ter mais de 65 anos, mas ele responder\u00e1 pelo crime de maus-tratos, como a lei determina\u201d, citou o delegado Hugo Leonardo, que esteve \u00e0 frente da a\u00e7\u00e3o.<\/p>\n","protected":false},"excerpt":{"rendered":"<p>Policiais civis da Delegacia Especializada de Prote\u00e7\u00e3o Animal e Meio Ambiente (Depama) resgataram dois cachorros em situa\u00e7\u00e3o de maus-tratos da resid\u00eancia de seu tutor, no Conjunto Jardim, em Nossa Senhora do Socorro. A a\u00e7\u00e3o foi realizada na \u00faltima sexta-feira, 26, em Nossa Senhora do Socorro. Ap\u00f3s receberem den\u00fancia sobre um idoso que maltratava dois cachorros, [&hellip;]<\/p>\n","protected":false},"author":1,"featured_media":3260,"comment_status":"open","ping_status":"open","sticky":false,"template":"","format":"standard","meta":{"footnotes":""},"categories":[10],"tags":[],"class_list":{"0":"post-3259","1":"post","2":"type-post","3":"status-publish","4":"format-standard","5":"has-post-thumbnail","7":"category-theme-features"},"_links":{"self":[{"href":"https:\/\/nordesteimprensa.com.br\/index.php\/wp-json\/wp\/v2\/posts\/3259","targetHints":{"allow":["GET"]}}],"collection":[{"href":"https:\/\/nordesteimprensa.com.br\/index.php\/wp-json\/wp\/v2\/posts"}],"about":[{"href":"https:\/\/nordesteimprensa.com.br\/index.php\/wp-json\/wp\/v2\/types\/post"}],"author":[{"embeddable":true,"href":"https:\/\/nordesteimprensa.com.br\/index.php\/wp-json\/wp\/v2\/users\/1"}],"replies":[{"embeddable":true,"href":"https:\/\/nordesteimprensa.com.br\/index.php\/wp-json\/wp\/v2\/comments?post=3259"}],"version-history":[{"count":1,"href":"https:\/\/nordesteimprensa.com.br\/index.php\/wp-json\/wp\/v2\/posts\/3259\/revisions"}],"predecessor-version":[{"id":3261,"href":"https:\/\/nordesteimprensa.com.br\/index.php\/wp-json\/wp\/v2\/posts\/3259\/revisions\/3261"}],"wp:featuredmedia":[{"embeddable":true,"href":"https:\/\/nordesteimprensa.com.br\/index.php\/wp-json\/wp\/v2\/media\/3260"}],"wp:attachment":[{"href":"https:\/\/nordesteimprensa.com.br\/index.php\/wp-json\/wp\/v2\/media?parent=3259"}],"wp:term":[{"taxonomy":"category","embeddable":true,"href":"https:\/\/nordesteimprensa.com.br\/index.php\/wp-json\/wp\/v2\/categories?post=3259"},{"taxonomy":"post_tag","embeddable":true,"href":"https:\/\/nordesteimprensa.com.br\/index.php\/wp-json\/wp\/v2\/tags?post=3259"}],"curies":[{"name":"wp","href":"https:\/\/api.w.org\/{rel}","templated":true}]}}