{"id":3273,"date":"2023-05-30T17:06:10","date_gmt":"2023-05-30T20:06:10","guid":{"rendered":"https:\/\/nordesteimprensa.com.br\/?p=3273"},"modified":"2023-05-30T17:06:12","modified_gmt":"2023-05-30T20:06:12","slug":"professores-da-rede-municipal-de-aracaju-fazem-ato-em-frente-a-camara-de-vereadores-para-protestar-contra-valor-do-piso-salarial","status":"publish","type":"post","link":"https:\/\/nordesteimprensa.com.br\/index.php\/2023\/05\/30\/professores-da-rede-municipal-de-aracaju-fazem-ato-em-frente-a-camara-de-vereadores-para-protestar-contra-valor-do-piso-salarial\/","title":{"rendered":"Professores da rede municipal de Aracaju fazem ato em frente \u00e0 C\u00e2mara de Vereadores para protestar contra valor do piso salarial"},"content":{"rendered":"\n<p>Professores da rede municipal de&nbsp;<a class=\"\" href=\"https:\/\/g1.globo.com\/se\/sergipe\/cidade\/aracaju\/\">Aracaju<\/a>realizam um ato, em frente \u00e0 C\u00e2mara de Vereadores, nesta ter\u00e7a-feira (30), para&nbsp;<a class=\"\" href=\"https:\/\/g1.globo.com\/se\/sergipe\/noticia\/2023\/01\/24\/professores-da-rede-municipal-de-aracaju-fazem-ato-para-protestar-contra-valor-do-piso-salarial.ghtml\">voltar a protestar contra o valor recebido pelo piso salarial, que, segundo a categoria, \u00e9 abaixo do nacional<\/a>.&nbsp;<\/p>\n\n\n\n<p>O ato tem o objetivo de chamar a aten\u00e7\u00e3o dos parlamentares sobre o assunto. Uma comiss\u00e3o foi recebida do plen\u00e1rio da casa, onde o presidente do Sindicato dos Profissionais do Ensino do Munic\u00edpio de Aracaju (Sindipema), Obanshe Severo, falou sobre reivindica\u00e7\u00f5es da categoria.&nbsp;<\/p>\n\n\n\n<p>\u201cNo dia 12, os representantes da prefeitura informaram que a proposta de reajuste seria apresentada no dia 22, mas eles n\u00e3o cancelaram a reuni\u00e3o e nem apresentaram uma proposta de reajuste. Ent\u00e3o n\u00e3o houve outra sa\u00edda, a n\u00e3o ser paralisarmos para que enfim a gente possa receber essa proposta de reajuste, que a lei determina que seja dia primeiro de janeiro e j\u00e1 passaram todos os prazos\u201d.&nbsp;<\/p>\n\n\n\n<p>Ainda de acordo com ele, a categoria classificou como equ\u00edvoco a divulga\u00e7\u00e3o por parte da prefeitura que o piso inicial dos professores era de cerca de R$ 5 mil. \u201cO piso em Aracaju n\u00e3o pode ser R$ 5 mil, se observar a Lei 5469, que reajustou no ano passado, nenhum valor na tabela chega a R$ 5 mi. \u00c9 inadmiss\u00edvel que a prefeitura divulgue essa informa\u00e7\u00e3o\u201d.<\/p>\n\n\n\n<p>Fonte: G1 <\/p>\n","protected":false},"excerpt":{"rendered":"<p>Professores da rede municipal de&nbsp;Aracajurealizam um ato, em frente \u00e0 C\u00e2mara de Vereadores, nesta ter\u00e7a-feira (30), para&nbsp;voltar a protestar contra o valor recebido pelo piso salarial, que, segundo a categoria, \u00e9 abaixo do nacional.&nbsp; O ato tem o objetivo de chamar a aten\u00e7\u00e3o dos parlamentares sobre o assunto. Uma comiss\u00e3o foi recebida do plen\u00e1rio da [&hellip;]<\/p>\n","protected":false},"author":1,"featured_media":3274,"comment_status":"open","ping_status":"open","sticky":false,"template":"","format":"standard","meta":{"footnotes":""},"categories":[10],"tags":[],"class_list":{"0":"post-3273","1":"post","2":"type-post","3":"status-publish","4":"format-standard","5":"has-post-thumbnail","7":"category-theme-features"},"_links":{"self":[{"href":"https:\/\/nordesteimprensa.com.br\/index.php\/wp-json\/wp\/v2\/posts\/3273","targetHints":{"allow":["GET"]}}],"collection":[{"href":"https:\/\/nordesteimprensa.com.br\/index.php\/wp-json\/wp\/v2\/posts"}],"about":[{"href":"https:\/\/nordesteimprensa.com.br\/index.php\/wp-json\/wp\/v2\/types\/post"}],"author":[{"embeddable":true,"href":"https:\/\/nordesteimprensa.com.br\/index.php\/wp-json\/wp\/v2\/users\/1"}],"replies":[{"embeddable":true,"href":"https:\/\/nordesteimprensa.com.br\/index.php\/wp-json\/wp\/v2\/comments?post=3273"}],"version-history":[{"count":1,"href":"https:\/\/nordesteimprensa.com.br\/index.php\/wp-json\/wp\/v2\/posts\/3273\/revisions"}],"predecessor-version":[{"id":3275,"href":"https:\/\/nordesteimprensa.com.br\/index.php\/wp-json\/wp\/v2\/posts\/3273\/revisions\/3275"}],"wp:featuredmedia":[{"embeddable":true,"href":"https:\/\/nordesteimprensa.com.br\/index.php\/wp-json\/wp\/v2\/media\/3274"}],"wp:attachment":[{"href":"https:\/\/nordesteimprensa.com.br\/index.php\/wp-json\/wp\/v2\/media?parent=3273"}],"wp:term":[{"taxonomy":"category","embeddable":true,"href":"https:\/\/nordesteimprensa.com.br\/index.php\/wp-json\/wp\/v2\/categories?post=3273"},{"taxonomy":"post_tag","embeddable":true,"href":"https:\/\/nordesteimprensa.com.br\/index.php\/wp-json\/wp\/v2\/tags?post=3273"}],"curies":[{"name":"wp","href":"https:\/\/api.w.org\/{rel}","templated":true}]}}