{"id":3285,"date":"2023-05-31T09:25:05","date_gmt":"2023-05-31T12:25:05","guid":{"rendered":"https:\/\/nordesteimprensa.com.br\/?p=3285"},"modified":"2023-05-31T09:25:05","modified_gmt":"2023-05-31T12:25:05","slug":"homem-e-preso-por-chantagear-adolescente-para-receber-conteudos-intimos","status":"publish","type":"post","link":"https:\/\/nordesteimprensa.com.br\/index.php\/2023\/05\/31\/homem-e-preso-por-chantagear-adolescente-para-receber-conteudos-intimos\/","title":{"rendered":"Homem \u00e9 preso por chantagear adolescente para receber conte\u00fados \u00edntimos"},"content":{"rendered":"\n<p>Um homem foi preso suspeito de praticar \u2018sextors\u00e3o\u2019 contra uma adolescente em Aracaju. A informa\u00e7\u00e3o foi divulgada, na \u00faltima segunda-feira, 29, pela Pol\u00edcia Civil. Ele foi preso na cidade de S\u00e3o Jos\u00e9 dos Campos na \u00faltima sexta-feira. O suspeito chateava a v\u00edtima para receber conte\u00fados \u00edntimos.<\/p>\n\n\n\n<p>Segundo a delegada Josefa Val\u00e9ria, o homem e a adolescente se conheceram numa rede social, e ao ganhar confian\u00e7a da v\u00edtima, o homem passou a coagi-la a enviar fotos e v\u00eddeos \u00edntimos. \u201cQuando a v\u00edtima decidiu parar de enviar as imagens, o investigado criou um grupo em rede social e cumpriu as amea\u00e7as, divulgando as imagens da v\u00edtima\u201d, explicou.<\/p>\n\n\n\n<p>Ainda de acordo com a delegada, a investiga\u00e7\u00e3o foi iniciada em fevereiro deste ano. \u201cCom base nas informa\u00e7\u00f5es colhidas identificamos o autor, bem como descobrimos farto material probat\u00f3rio da v\u00edtima de Aracaju e de outras v\u00edtimas, al\u00e9m do envolvimento dele com outros crimes como instiga\u00e7\u00e3o a tortura animal e massacres em escolas\u201d.<\/p>\n\n\n\n<p>A delegada informou ainda que o preso ir\u00e1 responder pelo crime de \u2018sextors\u00e3o\u2019 e armazenamento de imagem de adolescente. \u201cCom a pris\u00e3o e a apreens\u00e3o dos dispositivos eletr\u00f4nicos dele, a Pol\u00edcia Civil de S\u00e3o Paulo vai iniciar as investiga\u00e7\u00f5es para identificar outras v\u00edtimas que provavelmente s\u00e3o de diversas partes do pa\u00eds\u201d.<\/p>\n\n\n\n<p>A delegada refor\u00e7a a import\u00e2ncia da necessidade de os pais e respons\u00e1veis ficarem atentos ao uso da internet por crian\u00e7as e adolescentes.<\/p>\n\n\n\n<p>Fonte: G1 SE<\/p>\n","protected":false},"excerpt":{"rendered":"<p>Um homem foi preso suspeito de praticar \u2018sextors\u00e3o\u2019 contra uma adolescente em Aracaju. A informa\u00e7\u00e3o foi divulgada, na \u00faltima segunda-feira, 29, pela Pol\u00edcia Civil. Ele foi preso na cidade de S\u00e3o Jos\u00e9 dos Campos na \u00faltima sexta-feira. O suspeito chateava a v\u00edtima para receber conte\u00fados \u00edntimos. Segundo a delegada Josefa Val\u00e9ria, o homem e a [&hellip;]<\/p>\n","protected":false},"author":1,"featured_media":3286,"comment_status":"open","ping_status":"open","sticky":false,"template":"","format":"standard","meta":{"footnotes":""},"categories":[10],"tags":[],"class_list":{"0":"post-3285","1":"post","2":"type-post","3":"status-publish","4":"format-standard","5":"has-post-thumbnail","7":"category-theme-features"},"_links":{"self":[{"href":"https:\/\/nordesteimprensa.com.br\/index.php\/wp-json\/wp\/v2\/posts\/3285","targetHints":{"allow":["GET"]}}],"collection":[{"href":"https:\/\/nordesteimprensa.com.br\/index.php\/wp-json\/wp\/v2\/posts"}],"about":[{"href":"https:\/\/nordesteimprensa.com.br\/index.php\/wp-json\/wp\/v2\/types\/post"}],"author":[{"embeddable":true,"href":"https:\/\/nordesteimprensa.com.br\/index.php\/wp-json\/wp\/v2\/users\/1"}],"replies":[{"embeddable":true,"href":"https:\/\/nordesteimprensa.com.br\/index.php\/wp-json\/wp\/v2\/comments?post=3285"}],"version-history":[{"count":1,"href":"https:\/\/nordesteimprensa.com.br\/index.php\/wp-json\/wp\/v2\/posts\/3285\/revisions"}],"predecessor-version":[{"id":3287,"href":"https:\/\/nordesteimprensa.com.br\/index.php\/wp-json\/wp\/v2\/posts\/3285\/revisions\/3287"}],"wp:featuredmedia":[{"embeddable":true,"href":"https:\/\/nordesteimprensa.com.br\/index.php\/wp-json\/wp\/v2\/media\/3286"}],"wp:attachment":[{"href":"https:\/\/nordesteimprensa.com.br\/index.php\/wp-json\/wp\/v2\/media?parent=3285"}],"wp:term":[{"taxonomy":"category","embeddable":true,"href":"https:\/\/nordesteimprensa.com.br\/index.php\/wp-json\/wp\/v2\/categories?post=3285"},{"taxonomy":"post_tag","embeddable":true,"href":"https:\/\/nordesteimprensa.com.br\/index.php\/wp-json\/wp\/v2\/tags?post=3285"}],"curies":[{"name":"wp","href":"https:\/\/api.w.org\/{rel}","templated":true}]}}