{"id":3288,"date":"2023-05-31T09:26:30","date_gmt":"2023-05-31T12:26:30","guid":{"rendered":"https:\/\/nordesteimprensa.com.br\/?p=3288"},"modified":"2023-05-31T09:26:31","modified_gmt":"2023-05-31T12:26:31","slug":"fiscais-apreendem-arroz-feijao-cafe-e-azeite-com-irregularidades","status":"publish","type":"post","link":"https:\/\/nordesteimprensa.com.br\/index.php\/2023\/05\/31\/fiscais-apreendem-arroz-feijao-cafe-e-azeite-com-irregularidades\/","title":{"rendered":"Fiscais apreendem arroz, feij\u00e3o, caf\u00e9 e azeite com irregularidades"},"content":{"rendered":"\n<p>Fiscais do Minist\u00e9rio da Agricultura e Pecu\u00e1ria (Mapa) apreenderam sacos de arroz, feij\u00e3o, caf\u00e9 torrado e mo\u00eddo e garrafas de azeite com irregularidades. A opera\u00e7\u00e3o foi realizada, na semana passada, em engarrafadoras de azeite e redes atacadistas em S\u00e3o Paulo e no Distrito Federal.<img decoding=\"async\" src=\"https:\/\/agenciabrasil.ebc.com.br\/ebc.png?id=1535854&amp;o=node\"><img decoding=\"async\" src=\"https:\/\/agenciabrasil.ebc.com.br\/ebc.gif?id=1535854&amp;o=node\"><\/p>\n\n\n\n<p>Foram apreendidos 7.799 quilos de feij\u00e3o, 14.565 quilos de arroz e 8.950 litros de azeite fraudados.<\/p>\n\n\n\n<p>No Distrito Federal, a opera\u00e7\u00e3o retirou de comercializa\u00e7\u00e3o 2.093 pacotes de 500 gramas de caf\u00e9 torrado, por apresentarem subst\u00e2ncias estranhas ao produto e impurezas em quantidade acima do permitido em lei.<\/p>\n\n\n\n<p>O minist\u00e9rio informou que, em S\u00e3o Paulo, amostras de caf\u00e9 torrado e mo\u00eddo foram coletadas para an\u00e1lise e pacotes de arroz foram apreendidos, pois estavam embalados em cestas b\u00e1sicas e vendidos em promo\u00e7\u00e3o com a indica\u00e7\u00e3o de \u201ctipo 1\u201d no r\u00f3tulo, mas tinham gr\u00e3os quebrados, ardidos (fermentados) e misturados a gr\u00e3os soja.<\/p>\n\n\n\n<p>Al\u00e9m das apreens\u00f5es, uma f\u00e1brica de \u00f3leo de azeite foi interditada pela vigil\u00e2ncia sanit\u00e1ria estadual por ter produtos com r\u00f3tulos irregulares e falta de rastreabilidade nos tanques com mat\u00e9ria-prima. Laborat\u00f3rios do Mapa ir\u00e3o analisar amostras coletadas no local.<\/p>\n\n\n\n<p>De acordo com o minist\u00e9rio, os nomes das empresas e marcas autuadas \u201cser\u00e3o divulgados oportunamente quando os processos administrativos forem conclu\u00eddos, garantindo o direito de defesa aos fabricantes e\/ou vendedores\u201d.<\/p>\n\n\n\n<p>Fonte: Ag\u00eancia Brasil<\/p>\n","protected":false},"excerpt":{"rendered":"<p>Fiscais do Minist\u00e9rio da Agricultura e Pecu\u00e1ria (Mapa) apreenderam sacos de arroz, feij\u00e3o, caf\u00e9 torrado e mo\u00eddo e garrafas de azeite com irregularidades. A opera\u00e7\u00e3o foi realizada, na semana passada, em engarrafadoras de azeite e redes atacadistas em S\u00e3o Paulo e no Distrito Federal. Foram apreendidos 7.799 quilos de feij\u00e3o, 14.565 quilos de arroz e [&hellip;]<\/p>\n","protected":false},"author":1,"featured_media":3289,"comment_status":"open","ping_status":"open","sticky":false,"template":"","format":"standard","meta":{"footnotes":""},"categories":[10],"tags":[],"class_list":{"0":"post-3288","1":"post","2":"type-post","3":"status-publish","4":"format-standard","5":"has-post-thumbnail","7":"category-theme-features"},"_links":{"self":[{"href":"https:\/\/nordesteimprensa.com.br\/index.php\/wp-json\/wp\/v2\/posts\/3288","targetHints":{"allow":["GET"]}}],"collection":[{"href":"https:\/\/nordesteimprensa.com.br\/index.php\/wp-json\/wp\/v2\/posts"}],"about":[{"href":"https:\/\/nordesteimprensa.com.br\/index.php\/wp-json\/wp\/v2\/types\/post"}],"author":[{"embeddable":true,"href":"https:\/\/nordesteimprensa.com.br\/index.php\/wp-json\/wp\/v2\/users\/1"}],"replies":[{"embeddable":true,"href":"https:\/\/nordesteimprensa.com.br\/index.php\/wp-json\/wp\/v2\/comments?post=3288"}],"version-history":[{"count":1,"href":"https:\/\/nordesteimprensa.com.br\/index.php\/wp-json\/wp\/v2\/posts\/3288\/revisions"}],"predecessor-version":[{"id":3290,"href":"https:\/\/nordesteimprensa.com.br\/index.php\/wp-json\/wp\/v2\/posts\/3288\/revisions\/3290"}],"wp:featuredmedia":[{"embeddable":true,"href":"https:\/\/nordesteimprensa.com.br\/index.php\/wp-json\/wp\/v2\/media\/3289"}],"wp:attachment":[{"href":"https:\/\/nordesteimprensa.com.br\/index.php\/wp-json\/wp\/v2\/media?parent=3288"}],"wp:term":[{"taxonomy":"category","embeddable":true,"href":"https:\/\/nordesteimprensa.com.br\/index.php\/wp-json\/wp\/v2\/categories?post=3288"},{"taxonomy":"post_tag","embeddable":true,"href":"https:\/\/nordesteimprensa.com.br\/index.php\/wp-json\/wp\/v2\/tags?post=3288"}],"curies":[{"name":"wp","href":"https:\/\/api.w.org\/{rel}","templated":true}]}}