{"id":3291,"date":"2023-05-31T09:27:39","date_gmt":"2023-05-31T12:27:39","guid":{"rendered":"https:\/\/nordesteimprensa.com.br\/?p=3291"},"modified":"2023-05-31T09:27:40","modified_gmt":"2023-05-31T12:27:40","slug":"populares-aclamam-homenagem-em-vida-a-albano-franco-e-enaltecem-gesto-de-gratidao-de-fabiano-oliveira","status":"publish","type":"post","link":"https:\/\/nordesteimprensa.com.br\/index.php\/2023\/05\/31\/populares-aclamam-homenagem-em-vida-a-albano-franco-e-enaltecem-gesto-de-gratidao-de-fabiano-oliveira\/","title":{"rendered":"Populares aclamam homenagem em vida a Albano Franco e enaltecem gesto de gratid\u00e3o de Fabiano Oliveira"},"content":{"rendered":"\n<p><em>A rea\u00e7\u00e3o dos populares nas redes sociais mostram o quanto o mundo carece de gestos de gratid\u00e3o e homenagens em vida<\/em><\/p>\n\n\n\n<p>Em um mundo marcado por correrias incessantes e tantos desafios di\u00e1rios, muitas vezes nos esquecemos das quest\u00f5es que verdadeiramente importam, como a gratid\u00e3o. Um sentimento que, quando cultivado, transcende as barreiras do ego\u00edsmo e revela a ess\u00eancia mais profunda da alma, expondo o car\u00e1ter do ser. \u00c9 o que vimos em Fabiano Oliveira (PP), sujeito que fez homenagens a Albano Franco ontem, 30, mas acabou ele pr\u00f3prio sendo aclamado nas redes sociais pelo belo gesto para com o seu amigo e l\u00edder.<\/p>\n\n\n\n<p>Na tarde de ontem, o ex-governador recebeu uma Medalha do M\u00e9rito Parlamentar Ordem Gr\u00e3-Cruz, grau mais alto dos t\u00edtulos honor\u00edficos, em uma homenagem de autoria de Fabiano que, emocionado, relembrou o porqu\u00ea da trajet\u00f3ria de Albano ser uma das mais ilustres em Sergipe.<\/p>\n\n\n\n<p>Na ocasi\u00e3o, o parlamentar tamb\u00e9m n\u00e3o deixou de agradecer a Albano por todas oportunidades que a ele foram concedidas e que, certamente, o impulsionaram a estar onde est\u00e1 hoje, al\u00e9m de tamb\u00e9m reconhecer o bom car\u00e1ter do seu l\u00edder, que serve de exemplo para todo e qualquer sergipano.<\/p>\n\n\n\n<p>\u201cEsse \u00e9 o Albano, que n\u00e3o fez de inimigo os seus advers\u00e1rios pol\u00edticos, pelo contr\u00e1rio, \u00e9 uma grife. A gente n\u00e3o o v\u00ea levantando a voz, ele \u00e9 aquela figura sempre solicita, educada. Sempre conviveu harm\u00f4nica e respeitosamente com todos\u201d, disse Fabiano.<\/p>\n\n\n\n<p>Oliveira ainda destacou a import\u00e2ncia de Albano para Sergipe e n\u00e3o escondeu a admira\u00e7\u00e3o e carinho pelo homenageado. \u201cHoje estamos prestando essa justa homenagem ao pol\u00edtico e empres\u00e1rio que tanto fez pelo nosso estado. Eu poderia ficar horas falando, mas resumo que Dr. Albano \u00e9 um grande amigo-irm\u00e3o que tem uma hist\u00f3ria longa, linda e de muitos servi\u00e7os prestados! Ele \u00e9 merecedor da primeira Medalha do M\u00e9rito Parlamentar e eu agrade\u00e7o todos os vereadores&nbsp;por n\u00e3o medirem esfor\u00e7os para que esse momento pudesse acontecer. Ao longo dos seus quase 83 anos, ele sempre se dedicou a fazer o bem e grandes amigos. Esse plen\u00e1rio cheio \u00e9 reflexo da pessoa querida e importante que ele \u00e9\u201d, ressaltou o vereador.<\/p>\n\n\n\n<p>A atitude de Fabiano mostra como ele, al\u00e9m de pol\u00edtico, antes de tudo \u00e9 um ser humano normal, que, sendo grato, valoriza as pequenas, as grandes coisas, cada conquista, deixando claro que a vida \u00e9 uma jornada e que \u201co como\u201d enxergamos as coisas \u00e9 mais importante do que o fato em si.<\/p>\n","protected":false},"excerpt":{"rendered":"<p>A rea\u00e7\u00e3o dos populares nas redes sociais mostram o quanto o mundo carece de gestos de gratid\u00e3o e homenagens em vida Em um mundo marcado por correrias incessantes e tantos desafios di\u00e1rios, muitas vezes nos esquecemos das quest\u00f5es que verdadeiramente importam, como a gratid\u00e3o. Um sentimento que, quando cultivado, transcende as barreiras do ego\u00edsmo e [&hellip;]<\/p>\n","protected":false},"author":1,"featured_media":3292,"comment_status":"open","ping_status":"open","sticky":false,"template":"","format":"standard","meta":{"footnotes":""},"categories":[10],"tags":[],"class_list":{"0":"post-3291","1":"post","2":"type-post","3":"status-publish","4":"format-standard","5":"has-post-thumbnail","7":"category-theme-features"},"_links":{"self":[{"href":"https:\/\/nordesteimprensa.com.br\/index.php\/wp-json\/wp\/v2\/posts\/3291","targetHints":{"allow":["GET"]}}],"collection":[{"href":"https:\/\/nordesteimprensa.com.br\/index.php\/wp-json\/wp\/v2\/posts"}],"about":[{"href":"https:\/\/nordesteimprensa.com.br\/index.php\/wp-json\/wp\/v2\/types\/post"}],"author":[{"embeddable":true,"href":"https:\/\/nordesteimprensa.com.br\/index.php\/wp-json\/wp\/v2\/users\/1"}],"replies":[{"embeddable":true,"href":"https:\/\/nordesteimprensa.com.br\/index.php\/wp-json\/wp\/v2\/comments?post=3291"}],"version-history":[{"count":1,"href":"https:\/\/nordesteimprensa.com.br\/index.php\/wp-json\/wp\/v2\/posts\/3291\/revisions"}],"predecessor-version":[{"id":3293,"href":"https:\/\/nordesteimprensa.com.br\/index.php\/wp-json\/wp\/v2\/posts\/3291\/revisions\/3293"}],"wp:featuredmedia":[{"embeddable":true,"href":"https:\/\/nordesteimprensa.com.br\/index.php\/wp-json\/wp\/v2\/media\/3292"}],"wp:attachment":[{"href":"https:\/\/nordesteimprensa.com.br\/index.php\/wp-json\/wp\/v2\/media?parent=3291"}],"wp:term":[{"taxonomy":"category","embeddable":true,"href":"https:\/\/nordesteimprensa.com.br\/index.php\/wp-json\/wp\/v2\/categories?post=3291"},{"taxonomy":"post_tag","embeddable":true,"href":"https:\/\/nordesteimprensa.com.br\/index.php\/wp-json\/wp\/v2\/tags?post=3291"}],"curies":[{"name":"wp","href":"https:\/\/api.w.org\/{rel}","templated":true}]}}