{"id":3297,"date":"2023-05-31T11:04:20","date_gmt":"2023-05-31T14:04:20","guid":{"rendered":"https:\/\/nordesteimprensa.com.br\/?p=3297"},"modified":"2023-05-31T11:04:21","modified_gmt":"2023-05-31T14:04:21","slug":"governador-destaca-importancia-cultural-e-economica-do-sao-joao-de-areia-branca-durante-abertura-dos-festejos","status":"publish","type":"post","link":"https:\/\/nordesteimprensa.com.br\/index.php\/2023\/05\/31\/governador-destaca-importancia-cultural-e-economica-do-sao-joao-de-areia-branca-durante-abertura-dos-festejos\/","title":{"rendered":"Governador destaca import\u00e2ncia cultural e econ\u00f4mica do S\u00e3o Jo\u00e3o de Areia Branca durante abertura dos festejos"},"content":{"rendered":"\n<p>A tradicional programa\u00e7\u00e3o junina do munic\u00edpio de Areia Branca, localizado no agreste de Sergipe \u2013 festejo reconhecido como patrim\u00f4nio cultural e imaterial de Sergipe \u2013, teve in\u00edcio nesta ter\u00e7a-feira, 30, e contou com a presen\u00e7a do governador do estado, F\u00e1bio Mitidieri, e da primeira-dama e secret\u00e1ria de Estado da Assist\u00eancia Social e Cidadania, \u00c9rica Mitidieri.<\/p>\n\n\n\n<p>Com uma proposta de resgate cultural, a edi\u00e7\u00e3o deste ano seguir\u00e1 com sua abertura at\u00e9 esta quarta-feira, 31, retornando com a programa\u00e7\u00e3o festiva nos dias 23 e 24 de junho, e encerrando no dia 2 de julho, com a tradicional cavalgada.<\/p>\n\n\n\n<p>O Forr\u00f3dromo de Areia Branca, espa\u00e7o dedicado ao ritmo caracter\u00edstico da Regi\u00e3o Nordeste, o forr\u00f3, \u00e9 o palco das festividades com apresenta\u00e7\u00f5es de artistas locais e renomados nacionalmente, como Unha Pintada, Xand Avi\u00e3o, Nattan, Iguinho e Lulinha, Mari Fernandez, Solange Almeida e Di\u00e1cono R\u00f4mulo.<\/p>\n\n\n\n<p>Prestigiando a abertura dos festejos, o governador F\u00e1bio enfatizou a forte tradi\u00e7\u00e3o do S\u00e3o Jo\u00e3o de Areia Branca e destacou que ser\u00e3o dias repletos de festa, alegria, divers\u00e3o e cultura. \u201cAl\u00e9m de celebrar as ra\u00edzes culturais do nosso Sergipe, nosso Nordeste, os festejos juninos contribuem para fortalecer a economia local, gerando empregos, renda e oportunidades para os sergipanos, especialmente para a popula\u00e7\u00e3o de Areia Branca. Prestigiar essa noite maravilhosa \u00e9 uma forma de honrar a tradi\u00e7\u00e3o e hist\u00f3ria de Areia Branca\u201d, disse.<\/p>\n\n\n\n<p>F\u00e1bio parabenizou o prefeito Alan de Agripino pela organiza\u00e7\u00e3o do evento, que conta com uma programa\u00e7\u00e3o diversificada, que valoriza as ra\u00edzes culturais da regi\u00e3o. \u201cE isso \u00e9 apenas o come\u00e7o, pois teremos 30 dias de intensas celebra\u00e7\u00f5es juninas pela frente, com Sergipe de bra\u00e7os abertos para receber todos os sergipanos e turistas\u201d, frisou.<\/p>\n\n\n\n<p>De acordo com o prefeito de Areia Branca, a festa tem como objetivo principal n\u00e3o apenas celebrar os tradicionais festejos juninos, mas tamb\u00e9m promover cultura e entretenimento para a popula\u00e7\u00e3o por meio de atividades culturais e eventos festivos, al\u00e9m de impulsionar a economia do munic\u00edpio, possibilitando a cria\u00e7\u00e3o de empregos e gera\u00e7\u00e3o de renda.<\/p>\n\n\n\n<p>\u201c\u00c9 com imensa alegria que abrimos os festejos juninos de Areia Branca e de Sergipe, com a presen\u00e7a de uma multid\u00e3o prestigiando, uma estrutura maravilhosa, v\u00e1rias atra\u00e7\u00f5es nacionais e locais, al\u00e9m da participa\u00e7\u00e3o dos moradores de Areia Branca e turistas. Gostaria de agradecer ao governador F\u00e1bio por todo o apoio e por sua presen\u00e7a nesta festa, que \u00e9 extremamente gratificante para n\u00f3s. Ter o governador conosco enaltece ainda mais a grandiosidade do nosso evento\u201d.<\/p>\n\n\n\n<p><strong>Areia Branca<\/strong><\/p>\n\n\n\n<p>Vizinha dos munic\u00edpios de\u00a0Malhador,\u00a0Itabaiana\u00a0e\u00a0Laranjeiras, Areia Branca se situa a 34 quil\u00f4metros da capital Aracaju. Sua economia \u00e9 baseada na agricultura, principalmente na produ\u00e7\u00e3o de\u00a0mandioca,\u00a0cana de a\u00e7\u00facar,\u00a0manga,\u00a0maracuj\u00e1,\u00a0milho, al\u00e9m de ser grande produtor de coentro do estado de Sergipe; pecu\u00e1ria com cria\u00e7\u00e3o de\u00a0bovinos,\u00a0su\u00ednos\u00a0e\u00a0muares; cria\u00e7\u00e3o de galin\u00e1ceos; minera\u00e7\u00e3o de areia e com\u00e9rcio e ind\u00fastria (serrarias, casas de farinha de mandioca). Outra riqueza do munic\u00edpio s\u00e3o as pequenas ind\u00fastrias, destacando-se o com\u00e9rcio de roupas (t\u00eaxtil), doces e iguarias locais.<\/p>\n\n\n\n<p>Fonte :governo de Sergipe<\/p>\n","protected":false},"excerpt":{"rendered":"<p>A tradicional programa\u00e7\u00e3o junina do munic\u00edpio de Areia Branca, localizado no agreste de Sergipe \u2013 festejo reconhecido como patrim\u00f4nio cultural e imaterial de Sergipe \u2013, teve in\u00edcio nesta ter\u00e7a-feira, 30, e contou com a presen\u00e7a do governador do estado, F\u00e1bio Mitidieri, e da primeira-dama e secret\u00e1ria de Estado da Assist\u00eancia Social e Cidadania, \u00c9rica Mitidieri. [&hellip;]<\/p>\n","protected":false},"author":1,"featured_media":3298,"comment_status":"open","ping_status":"open","sticky":false,"template":"","format":"standard","meta":{"footnotes":""},"categories":[10],"tags":[],"class_list":{"0":"post-3297","1":"post","2":"type-post","3":"status-publish","4":"format-standard","5":"has-post-thumbnail","7":"category-theme-features"},"_links":{"self":[{"href":"https:\/\/nordesteimprensa.com.br\/index.php\/wp-json\/wp\/v2\/posts\/3297","targetHints":{"allow":["GET"]}}],"collection":[{"href":"https:\/\/nordesteimprensa.com.br\/index.php\/wp-json\/wp\/v2\/posts"}],"about":[{"href":"https:\/\/nordesteimprensa.com.br\/index.php\/wp-json\/wp\/v2\/types\/post"}],"author":[{"embeddable":true,"href":"https:\/\/nordesteimprensa.com.br\/index.php\/wp-json\/wp\/v2\/users\/1"}],"replies":[{"embeddable":true,"href":"https:\/\/nordesteimprensa.com.br\/index.php\/wp-json\/wp\/v2\/comments?post=3297"}],"version-history":[{"count":1,"href":"https:\/\/nordesteimprensa.com.br\/index.php\/wp-json\/wp\/v2\/posts\/3297\/revisions"}],"predecessor-version":[{"id":3299,"href":"https:\/\/nordesteimprensa.com.br\/index.php\/wp-json\/wp\/v2\/posts\/3297\/revisions\/3299"}],"wp:featuredmedia":[{"embeddable":true,"href":"https:\/\/nordesteimprensa.com.br\/index.php\/wp-json\/wp\/v2\/media\/3298"}],"wp:attachment":[{"href":"https:\/\/nordesteimprensa.com.br\/index.php\/wp-json\/wp\/v2\/media?parent=3297"}],"wp:term":[{"taxonomy":"category","embeddable":true,"href":"https:\/\/nordesteimprensa.com.br\/index.php\/wp-json\/wp\/v2\/categories?post=3297"},{"taxonomy":"post_tag","embeddable":true,"href":"https:\/\/nordesteimprensa.com.br\/index.php\/wp-json\/wp\/v2\/tags?post=3297"}],"curies":[{"name":"wp","href":"https:\/\/api.w.org\/{rel}","templated":true}]}}