{"id":3300,"date":"2023-05-31T11:05:57","date_gmt":"2023-05-31T14:05:57","guid":{"rendered":"https:\/\/nordesteimprensa.com.br\/?p=3300"},"modified":"2023-05-31T11:05:59","modified_gmt":"2023-05-31T14:05:59","slug":"com-baixa-adesao-aracaju-mantem-oferta-da-vacina-contra-influenza-ate-o-fim-do-estoque","status":"publish","type":"post","link":"https:\/\/nordesteimprensa.com.br\/index.php\/2023\/05\/31\/com-baixa-adesao-aracaju-mantem-oferta-da-vacina-contra-influenza-ate-o-fim-do-estoque\/","title":{"rendered":"Com baixa ades\u00e3o, Aracaju mant\u00e9m oferta da vacina contra Influenza at\u00e9 o fim do estoque"},"content":{"rendered":"\n<p>A Campanha de Vacina\u00e7\u00e3o contra a Influenza, que encerraria nesta quarta-feira (31), foi prorrogada em&nbsp;<a class=\"\" href=\"https:\/\/g1.globo.com\/se\/sergipe\/cidade\/aracaju\/\">Aracaju<\/a>&nbsp;por causa da baixa ades\u00e3o. De acordo com a Secretaria Municipal da Sa\u00fade, o servi\u00e7o ficar\u00e1 dispon\u00edvel enquanto houver estoque de vacinas.&nbsp;<\/p>\n\n\n\n<p>Pode receber a vacina qualquer pessoa acima dos seis meses de idade. At\u00e9 a ter\u00e7a-feira (30), a capital j\u00e1 havia aplicado 111.585 doses, sendo 40.078 idosos; 12.349 crian\u00e7as maiores de 6 meses e menores de 5 anos; 4.578 trabalhadores da sa\u00fade; 3.255 professores; 1.609 gestantes; 150 pu\u00e9rperas 150; 3 ind\u00edgenas; e 35.058 da popula\u00e7\u00e3o geral.&nbsp;<\/p>\n\n\n\n<h2 class=\"wp-block-heading\">Pontos de vacina\u00e7\u00e3o<\/h2>\n\n\n\n<p>O imunizante segue dispon\u00edvel nas unidades B\u00e1sicas de Sa\u00fade, de segunda a sexta-feira, das 8h \u00e0s 16h.&nbsp;<\/p>\n\n\n\n<p>Em 16 unidades, o hor\u00e1rio \u00e9 estendido, at\u00e9 \u00e0s 18h, s\u00e3o elas: Ant\u00f4nio Alves, Augusto Franco, Ministro Costa, Dona Sinhazinha, \u00c1vila Nabuco, Marx de Carvalho, Hugo Gurgel, Joaldo Barbosa, Manoel de Souza, Ed\u00e9zio Vieira de Melo, C\u00e2ndida Alves, Dona Jovem, Francisco Fonseca, Jos\u00e9 Machado, Jos\u00e9 Calumby Filho e On\u00e9simo Pinto.&nbsp;<\/p>\n\n\n\n<p>J\u00e1 nos tr\u00eas shoppings da capital, a vacina\u00e7\u00e3o \u00e9 ofertada somente para as pessoas acima de 5 anos de idade, de segunda a s\u00e1bado, das 10h \u00e0s 16h.&nbsp;<\/p>\n\n\n\n<p>Para receber os imunizantes contra a influenza \u00e9 preciso apresentar documento com foto e cart\u00e3o de vacina.<\/p>\n","protected":false},"excerpt":{"rendered":"<p>A Campanha de Vacina\u00e7\u00e3o contra a Influenza, que encerraria nesta quarta-feira (31), foi prorrogada em&nbsp;Aracaju&nbsp;por causa da baixa ades\u00e3o. De acordo com a Secretaria Municipal da Sa\u00fade, o servi\u00e7o ficar\u00e1 dispon\u00edvel enquanto houver estoque de vacinas.&nbsp; Pode receber a vacina qualquer pessoa acima dos seis meses de idade. At\u00e9 a ter\u00e7a-feira (30), a capital j\u00e1 [&hellip;]<\/p>\n","protected":false},"author":1,"featured_media":3301,"comment_status":"open","ping_status":"open","sticky":false,"template":"","format":"standard","meta":{"footnotes":""},"categories":[10],"tags":[],"class_list":{"0":"post-3300","1":"post","2":"type-post","3":"status-publish","4":"format-standard","5":"has-post-thumbnail","7":"category-theme-features"},"_links":{"self":[{"href":"https:\/\/nordesteimprensa.com.br\/index.php\/wp-json\/wp\/v2\/posts\/3300","targetHints":{"allow":["GET"]}}],"collection":[{"href":"https:\/\/nordesteimprensa.com.br\/index.php\/wp-json\/wp\/v2\/posts"}],"about":[{"href":"https:\/\/nordesteimprensa.com.br\/index.php\/wp-json\/wp\/v2\/types\/post"}],"author":[{"embeddable":true,"href":"https:\/\/nordesteimprensa.com.br\/index.php\/wp-json\/wp\/v2\/users\/1"}],"replies":[{"embeddable":true,"href":"https:\/\/nordesteimprensa.com.br\/index.php\/wp-json\/wp\/v2\/comments?post=3300"}],"version-history":[{"count":1,"href":"https:\/\/nordesteimprensa.com.br\/index.php\/wp-json\/wp\/v2\/posts\/3300\/revisions"}],"predecessor-version":[{"id":3302,"href":"https:\/\/nordesteimprensa.com.br\/index.php\/wp-json\/wp\/v2\/posts\/3300\/revisions\/3302"}],"wp:featuredmedia":[{"embeddable":true,"href":"https:\/\/nordesteimprensa.com.br\/index.php\/wp-json\/wp\/v2\/media\/3301"}],"wp:attachment":[{"href":"https:\/\/nordesteimprensa.com.br\/index.php\/wp-json\/wp\/v2\/media?parent=3300"}],"wp:term":[{"taxonomy":"category","embeddable":true,"href":"https:\/\/nordesteimprensa.com.br\/index.php\/wp-json\/wp\/v2\/categories?post=3300"},{"taxonomy":"post_tag","embeddable":true,"href":"https:\/\/nordesteimprensa.com.br\/index.php\/wp-json\/wp\/v2\/tags?post=3300"}],"curies":[{"name":"wp","href":"https:\/\/api.w.org\/{rel}","templated":true}]}}