{"id":3321,"date":"2023-06-01T12:50:00","date_gmt":"2023-06-01T15:50:00","guid":{"rendered":"https:\/\/nordesteimprensa.com.br\/?p=3321"},"modified":"2023-06-05T12:50:49","modified_gmt":"2023-06-05T15:50:49","slug":"projeto-de-lei-de-reestruturacao-do-ipesaude-e-aprovado-na-alese","status":"publish","type":"post","link":"https:\/\/nordesteimprensa.com.br\/index.php\/2023\/06\/01\/projeto-de-lei-de-reestruturacao-do-ipesaude-e-aprovado-na-alese\/","title":{"rendered":"Projeto de Lei de reestrutura\u00e7\u00e3o do Ipesa\u00fade \u00e9 aprovado na Alese"},"content":{"rendered":"\n<p>O Projeto de Lei que visa reestruturar o Instituto de Promo\u00e7\u00e3o e de Assist\u00eancia \u00e0 Sa\u00fade dos Servidores do Estado de Sergipe (Ipesa\u00fade) foi aprovado, por maioria, durante sess\u00e3o plen\u00e1ria na Assembleia Legislativa de Sergipe, na tarde desta quinta-feira (1\u00aa).&nbsp;<\/p>\n\n\n\n<p>O PL com inclus\u00e3o de duas emendas modificativas, prev\u00ea um reajuste do atual percentual de contribui\u00e7\u00e3o, passando dos atuais 4% para 6% o desconto do servidor titular. Ser\u00e3o autorizadas, anualmente, at\u00e9 12 consultas m\u00e9dicas, inclusive para mulheres gestantes, e dez atendimentos de urg\u00eancia e emerg\u00eancia, entre outros.&nbsp;<\/p>\n\n\n\n<p>Em valores reais, um servidor que recebe R$ 1.320 arca com R$ 52,90 do benef\u00edcio. Com a aprova\u00e7\u00e3o do PL ele passa a contribuir com R$ 79,20. De acordo com o texto aprovado, a reestrutura\u00e7\u00e3o visa amenizar o d\u00e9ficit mensal de R$ 13 milh\u00f5es da autarquia.&nbsp;<\/p>\n\n\n\n<p>O Projeto ainda limitava a 30 dias de interna\u00e7\u00e3o para tratamento psiqui\u00e1trico, por\u00e9m este item foi retirado pela Comiss\u00e3o de Constitui\u00e7\u00e3o e Justi\u00e7a.&nbsp;<\/p>\n\n\n\n<p>Um balan\u00e7o apresentado aos deputados nessa ter\u00e7a-feira (30) pelo diretor-presidente do Ipesa\u00fade, o mastologista Cl\u00e1udio Mitidieri Sim\u00f5es, apontou que existem mais de 116.164 mil servidores do estado beneficiados.&nbsp;<\/p>\n\n\n\n<p>Ainda segundo ele, o custo m\u00e9dio do Ipesa\u00fade mensal \u00e9 de R$ 27 milh\u00f5es, quando para custear as despesas seriam necess\u00e1rios mais R$ 40 milh\u00f5es. H\u00e1 ainda, uma d\u00edvida em torno de R$ 150 milh\u00f5es.&nbsp;<br>Fonte: G1 SE<\/p>\n","protected":false},"excerpt":{"rendered":"<p>O Projeto de Lei que visa reestruturar o Instituto de Promo\u00e7\u00e3o e de Assist\u00eancia \u00e0 Sa\u00fade dos Servidores do Estado de Sergipe (Ipesa\u00fade) foi aprovado, por maioria, durante sess\u00e3o plen\u00e1ria na Assembleia Legislativa de Sergipe, na tarde desta quinta-feira (1\u00aa).&nbsp; O PL com inclus\u00e3o de duas emendas modificativas, prev\u00ea um reajuste do atual percentual de [&hellip;]<\/p>\n","protected":false},"author":1,"featured_media":3322,"comment_status":"open","ping_status":"open","sticky":false,"template":"","format":"standard","meta":{"footnotes":""},"categories":[10],"tags":[],"class_list":{"0":"post-3321","1":"post","2":"type-post","3":"status-publish","4":"format-standard","5":"has-post-thumbnail","7":"category-theme-features"},"_links":{"self":[{"href":"https:\/\/nordesteimprensa.com.br\/index.php\/wp-json\/wp\/v2\/posts\/3321","targetHints":{"allow":["GET"]}}],"collection":[{"href":"https:\/\/nordesteimprensa.com.br\/index.php\/wp-json\/wp\/v2\/posts"}],"about":[{"href":"https:\/\/nordesteimprensa.com.br\/index.php\/wp-json\/wp\/v2\/types\/post"}],"author":[{"embeddable":true,"href":"https:\/\/nordesteimprensa.com.br\/index.php\/wp-json\/wp\/v2\/users\/1"}],"replies":[{"embeddable":true,"href":"https:\/\/nordesteimprensa.com.br\/index.php\/wp-json\/wp\/v2\/comments?post=3321"}],"version-history":[{"count":2,"href":"https:\/\/nordesteimprensa.com.br\/index.php\/wp-json\/wp\/v2\/posts\/3321\/revisions"}],"predecessor-version":[{"id":3324,"href":"https:\/\/nordesteimprensa.com.br\/index.php\/wp-json\/wp\/v2\/posts\/3321\/revisions\/3324"}],"wp:featuredmedia":[{"embeddable":true,"href":"https:\/\/nordesteimprensa.com.br\/index.php\/wp-json\/wp\/v2\/media\/3322"}],"wp:attachment":[{"href":"https:\/\/nordesteimprensa.com.br\/index.php\/wp-json\/wp\/v2\/media?parent=3321"}],"wp:term":[{"taxonomy":"category","embeddable":true,"href":"https:\/\/nordesteimprensa.com.br\/index.php\/wp-json\/wp\/v2\/categories?post=3321"},{"taxonomy":"post_tag","embeddable":true,"href":"https:\/\/nordesteimprensa.com.br\/index.php\/wp-json\/wp\/v2\/tags?post=3321"}],"curies":[{"name":"wp","href":"https:\/\/api.w.org\/{rel}","templated":true}]}}