{"id":3335,"date":"2023-06-06T22:47:56","date_gmt":"2023-06-07T01:47:56","guid":{"rendered":"https:\/\/nordesteimprensa.com.br\/?p=3335"},"modified":"2023-06-06T22:47:57","modified_gmt":"2023-06-07T01:47:57","slug":"aracaju-tem-alerta-de-chuva-moderada-para-as-proximas-48-horas","status":"publish","type":"post","link":"https:\/\/nordesteimprensa.com.br\/index.php\/2023\/06\/06\/aracaju-tem-alerta-de-chuva-moderada-para-as-proximas-48-horas\/","title":{"rendered":"Aracaju tem alerta de chuva moderada para as pr\u00f3ximas 48 horas"},"content":{"rendered":"\n<p>Aracaju tem alerta de chuva moderada para as pr\u00f3ximas 48 horas. A informa\u00e7\u00e3o foi divulgada, nesta ter\u00e7a-feira (6), pela Defesa Civil.&nbsp;<\/p>\n\n\n\n<p>De acordo com dados os pluvi\u00f4metros que integram o sistema ClimAju, o acumulado de chuva desta ter\u00e7a, somam 25 mil\u00edmetros, com maior concentra\u00e7\u00e3o no Bairro Atalaia, at\u00e9 as 16h. Desde o in\u00edcio do m\u00eas, o volume chega a 85 mm.&nbsp;<\/p>\n\n\n\n<p>A popula\u00e7\u00e3o deve ficar atenta aos sinais de anormalidades que possam representar riscos, como \u00e9 o caso da inclina\u00e7\u00e3o de \u00e1rvores e postes nas \u00e1reas de encostas de morro, recalques diferenciados na estrutura das edifica\u00e7\u00f5es, barulhos diferenciados no telhado e aparecimento de rachaduras. Caso sejam observados sinais de risco a Defesa Civil deve ser acionada imediatamente atrav\u00e9s do n\u00famero 199, dispon\u00edvel 24 horas.&nbsp;<\/p>\n\n\n\n<p><strong>Servi\u00e7o de alerta<br><\/strong>Para realizar o cadastro e receber as mensagens de alerta basta enviar um SMS para o n\u00famero 40199, indicando no campo do texto o CEP do local sobre o qual deseja receber informa\u00e7\u00f5es. O servi\u00e7o \u00e9 gratuito e permite que uma mesma pessoa cadastre mais de um CEP.<\/p>\n\n\n\n<p>Fonte: G1 SE<\/p>\n","protected":false},"excerpt":{"rendered":"<p>Aracaju tem alerta de chuva moderada para as pr\u00f3ximas 48 horas. A informa\u00e7\u00e3o foi divulgada, nesta ter\u00e7a-feira (6), pela Defesa Civil.&nbsp; De acordo com dados os pluvi\u00f4metros que integram o sistema ClimAju, o acumulado de chuva desta ter\u00e7a, somam 25 mil\u00edmetros, com maior concentra\u00e7\u00e3o no Bairro Atalaia, at\u00e9 as 16h. Desde o in\u00edcio do m\u00eas, [&hellip;]<\/p>\n","protected":false},"author":1,"featured_media":3336,"comment_status":"open","ping_status":"open","sticky":false,"template":"","format":"standard","meta":{"footnotes":""},"categories":[10],"tags":[],"class_list":{"0":"post-3335","1":"post","2":"type-post","3":"status-publish","4":"format-standard","5":"has-post-thumbnail","7":"category-theme-features"},"_links":{"self":[{"href":"https:\/\/nordesteimprensa.com.br\/index.php\/wp-json\/wp\/v2\/posts\/3335","targetHints":{"allow":["GET"]}}],"collection":[{"href":"https:\/\/nordesteimprensa.com.br\/index.php\/wp-json\/wp\/v2\/posts"}],"about":[{"href":"https:\/\/nordesteimprensa.com.br\/index.php\/wp-json\/wp\/v2\/types\/post"}],"author":[{"embeddable":true,"href":"https:\/\/nordesteimprensa.com.br\/index.php\/wp-json\/wp\/v2\/users\/1"}],"replies":[{"embeddable":true,"href":"https:\/\/nordesteimprensa.com.br\/index.php\/wp-json\/wp\/v2\/comments?post=3335"}],"version-history":[{"count":1,"href":"https:\/\/nordesteimprensa.com.br\/index.php\/wp-json\/wp\/v2\/posts\/3335\/revisions"}],"predecessor-version":[{"id":3337,"href":"https:\/\/nordesteimprensa.com.br\/index.php\/wp-json\/wp\/v2\/posts\/3335\/revisions\/3337"}],"wp:featuredmedia":[{"embeddable":true,"href":"https:\/\/nordesteimprensa.com.br\/index.php\/wp-json\/wp\/v2\/media\/3336"}],"wp:attachment":[{"href":"https:\/\/nordesteimprensa.com.br\/index.php\/wp-json\/wp\/v2\/media?parent=3335"}],"wp:term":[{"taxonomy":"category","embeddable":true,"href":"https:\/\/nordesteimprensa.com.br\/index.php\/wp-json\/wp\/v2\/categories?post=3335"},{"taxonomy":"post_tag","embeddable":true,"href":"https:\/\/nordesteimprensa.com.br\/index.php\/wp-json\/wp\/v2\/tags?post=3335"}],"curies":[{"name":"wp","href":"https:\/\/api.w.org\/{rel}","templated":true}]}}