{"id":3532,"date":"2023-07-07T15:47:26","date_gmt":"2023-07-07T18:47:26","guid":{"rendered":"https:\/\/nordesteimprensa.com.br\/?p=3532"},"modified":"2023-07-07T15:47:27","modified_gmt":"2023-07-07T18:47:27","slug":"nova-linha-de-transmissao-de-energia-passara-por-poco-verde-e-tobias-barreto","status":"publish","type":"post","link":"https:\/\/nordesteimprensa.com.br\/index.php\/2023\/07\/07\/nova-linha-de-transmissao-de-energia-passara-por-poco-verde-e-tobias-barreto\/","title":{"rendered":"Nova linha de transmiss\u00e3o de energia passar\u00e1 por Po\u00e7o Verde e Tobias Barreto"},"content":{"rendered":"\n<p>A empresa Celeo Redes Brasil construir\u00e1 uma linha de transmiss\u00e3o que passar\u00e1 pelos munic\u00edpios sergipanos de Canind\u00e9 de S\u00e3o Francisco, Po\u00e7o Verde e Tobias Barreto. A a\u00e7\u00e3o \u00e9 resultado de um leil\u00e3o promovido pela Ag\u00eancia Nacional de Energia El\u00e9trica (Aneel), no \u00faltimo dia 30 de junho, visando a contrata\u00e7\u00e3o de concess\u00f5es do servi\u00e7o p\u00fablico de transmiss\u00e3o de energia no Brasil.<\/p>\n\n\n\n<p>Na ocasi\u00e3o, foram leiloados nove lotes, distribu\u00eddos em sete estados (BA, ES, MG, PE, RJ, SP e SE), resultando em 6.000 km de linhas de transmiss\u00e3o \u2013 400MVA \u2013 e R$ 15,8 bilh\u00f5es que ser\u00e3o investidos. Em Sergipe, estima-se que sejam investidos R$ 1,2 bilh\u00e3o.<\/p>\n\n\n\n<p><strong>Lote 06 SE\/BA<\/strong><\/p>\n\n\n\n<p>Com extens\u00e3o de 714 quil\u00f4metros, o Lote 6 compreende as regi\u00f5es de Sergipe e Bahia e \u00e9 composto pela Linha de Transmiss\u00e3o (LT) 500 kV Xing\u00f3 \u2013 Cama\u00e7ari II. Ela passar\u00e1 pelos munic\u00edpios de Tobias Barreto, Po\u00e7o Verde e Canind\u00e9 de S\u00e3o Francisco. J\u00e1 o prazo de execu\u00e7\u00e3o das obras \u00e9 de 60 meses e a expectativa \u00e9 de gera\u00e7\u00e3o de 2.406 empregos diretos e indiretos. No pa\u00eds, essa expectativa cresce para 31.800 empregos.<\/p>\n\n\n\n<p>Al\u00e9m disso, a nova linha visa expandir o sistema de transmiss\u00e3o da \u00c1rea Sul da Regi\u00e3o Nordeste e norte dos estados de Minas Gerais e Esp\u00edrito Santo, de modo a corresponder \u00e0 expectativa de contrata\u00e7\u00e3o de elevados montantes de energia provenientes de empreendimentos de gera\u00e7\u00e3o renov\u00e1vel na regi\u00e3o, com destaque para as usinas e\u00f3licas e solares.<\/p>\n\n\n\n<p>Tamb\u00e9m cabe destacar que os empreendimentos licitados durante o leil\u00e3o prov\u00eam dos estudos de planejamento da expans\u00e3o da transmiss\u00e3o que contam com a participa\u00e7\u00e3o da Empresa de Pesquisa Energ\u00e9tica (EPE), Minist\u00e9rio de Minas e Energia (MME), Ag\u00eancia Nacional de Energia El\u00e9trica (Aneel) e do Operador Nacional do Sistema El\u00e9trico (ONS).<\/p>\n\n\n\n<p>Fonte:  Lagartense <\/p>\n\n\n\n<p><br><\/p>\n\n\n\n<p><\/p>\n\n\n\n<p><\/p>\n\n\n\n<p><\/p>\n\n\n\n<p><\/p>\n\n\n\n<p><\/p>\n","protected":false},"excerpt":{"rendered":"<p>A empresa Celeo Redes Brasil construir\u00e1 uma linha de transmiss\u00e3o que passar\u00e1 pelos munic\u00edpios sergipanos de Canind\u00e9 de S\u00e3o Francisco, Po\u00e7o Verde e Tobias Barreto. A a\u00e7\u00e3o \u00e9 resultado de um leil\u00e3o promovido pela Ag\u00eancia Nacional de Energia El\u00e9trica (Aneel), no \u00faltimo dia 30 de junho, visando a contrata\u00e7\u00e3o de concess\u00f5es do servi\u00e7o p\u00fablico de [&hellip;]<\/p>\n","protected":false},"author":1,"featured_media":3533,"comment_status":"open","ping_status":"open","sticky":false,"template":"","format":"standard","meta":{"footnotes":""},"categories":[10],"tags":[],"class_list":{"0":"post-3532","1":"post","2":"type-post","3":"status-publish","4":"format-standard","5":"has-post-thumbnail","7":"category-theme-features"},"_links":{"self":[{"href":"https:\/\/nordesteimprensa.com.br\/index.php\/wp-json\/wp\/v2\/posts\/3532","targetHints":{"allow":["GET"]}}],"collection":[{"href":"https:\/\/nordesteimprensa.com.br\/index.php\/wp-json\/wp\/v2\/posts"}],"about":[{"href":"https:\/\/nordesteimprensa.com.br\/index.php\/wp-json\/wp\/v2\/types\/post"}],"author":[{"embeddable":true,"href":"https:\/\/nordesteimprensa.com.br\/index.php\/wp-json\/wp\/v2\/users\/1"}],"replies":[{"embeddable":true,"href":"https:\/\/nordesteimprensa.com.br\/index.php\/wp-json\/wp\/v2\/comments?post=3532"}],"version-history":[{"count":1,"href":"https:\/\/nordesteimprensa.com.br\/index.php\/wp-json\/wp\/v2\/posts\/3532\/revisions"}],"predecessor-version":[{"id":3534,"href":"https:\/\/nordesteimprensa.com.br\/index.php\/wp-json\/wp\/v2\/posts\/3532\/revisions\/3534"}],"wp:featuredmedia":[{"embeddable":true,"href":"https:\/\/nordesteimprensa.com.br\/index.php\/wp-json\/wp\/v2\/media\/3533"}],"wp:attachment":[{"href":"https:\/\/nordesteimprensa.com.br\/index.php\/wp-json\/wp\/v2\/media?parent=3532"}],"wp:term":[{"taxonomy":"category","embeddable":true,"href":"https:\/\/nordesteimprensa.com.br\/index.php\/wp-json\/wp\/v2\/categories?post=3532"},{"taxonomy":"post_tag","embeddable":true,"href":"https:\/\/nordesteimprensa.com.br\/index.php\/wp-json\/wp\/v2\/tags?post=3532"}],"curies":[{"name":"wp","href":"https:\/\/api.w.org\/{rel}","templated":true}]}}