{"id":3538,"date":"2023-07-10T07:57:40","date_gmt":"2023-07-10T10:57:40","guid":{"rendered":"https:\/\/nordesteimprensa.com.br\/?p=3538"},"modified":"2023-07-10T07:57:41","modified_gmt":"2023-07-10T10:57:41","slug":"suspeito-de-matar-homem-por-ter-estacionado-carro-de-forma-errada-e-preso","status":"publish","type":"post","link":"https:\/\/nordesteimprensa.com.br\/index.php\/2023\/07\/10\/suspeito-de-matar-homem-por-ter-estacionado-carro-de-forma-errada-e-preso\/","title":{"rendered":"Suspeito de matar homem por ter estacionado carro de forma errada \u00e9 preso"},"content":{"rendered":"\n<p>Nesta quinta-feira, 06, o suspeito de matar um homem por ter estacionado o carro de forma errada, em outubro do ano passado no Bairro S\u00e3o Conrado, em Aracaju , foi preso. A informa\u00e7\u00e3o foi divulgada pela Coordenadoria de Opera\u00e7\u00f5es e Recursos Especiais da Pol\u00edcia Civil.<\/p>\n\n\n\n<p>Segundo a pol\u00edcia, o homem foi morto porque estaria sob efeito \u00e1lcool ou drogas e estacionou o carro em uma rua estreita, impedido o acesso de outros ve\u00edculos.<\/p>\n\n\n\n<p>Ainda de acordo com a pol\u00edcia, tanto a v\u00edtima, quanto o suspeito do crime tinham envolvimento com o tr\u00e1fico de drogas.<\/p>\n\n\n\n<p>O caso continua sendo investigado. Quem tiver informa\u00e7\u00f5es sobre esse e outros crimes pode ligar par ao Dique-Den\u00fancia pelo n\u00famero 181. A identidade do denunciante ser\u00e1 mantida em sigilo.<\/p>\n\n\n\n<p>Fonte: G1 SE<\/p>\n","protected":false},"excerpt":{"rendered":"<p>Nesta quinta-feira, 06, o suspeito de matar um homem por ter estacionado o carro de forma errada, em outubro do ano passado no Bairro S\u00e3o Conrado, em Aracaju , foi preso. A informa\u00e7\u00e3o foi divulgada pela Coordenadoria de Opera\u00e7\u00f5es e Recursos Especiais da Pol\u00edcia Civil. Segundo a pol\u00edcia, o homem foi morto porque estaria sob [&hellip;]<\/p>\n","protected":false},"author":1,"featured_media":3539,"comment_status":"open","ping_status":"open","sticky":false,"template":"","format":"standard","meta":{"footnotes":""},"categories":[10],"tags":[],"class_list":{"0":"post-3538","1":"post","2":"type-post","3":"status-publish","4":"format-standard","5":"has-post-thumbnail","7":"category-theme-features"},"_links":{"self":[{"href":"https:\/\/nordesteimprensa.com.br\/index.php\/wp-json\/wp\/v2\/posts\/3538","targetHints":{"allow":["GET"]}}],"collection":[{"href":"https:\/\/nordesteimprensa.com.br\/index.php\/wp-json\/wp\/v2\/posts"}],"about":[{"href":"https:\/\/nordesteimprensa.com.br\/index.php\/wp-json\/wp\/v2\/types\/post"}],"author":[{"embeddable":true,"href":"https:\/\/nordesteimprensa.com.br\/index.php\/wp-json\/wp\/v2\/users\/1"}],"replies":[{"embeddable":true,"href":"https:\/\/nordesteimprensa.com.br\/index.php\/wp-json\/wp\/v2\/comments?post=3538"}],"version-history":[{"count":1,"href":"https:\/\/nordesteimprensa.com.br\/index.php\/wp-json\/wp\/v2\/posts\/3538\/revisions"}],"predecessor-version":[{"id":3540,"href":"https:\/\/nordesteimprensa.com.br\/index.php\/wp-json\/wp\/v2\/posts\/3538\/revisions\/3540"}],"wp:featuredmedia":[{"embeddable":true,"href":"https:\/\/nordesteimprensa.com.br\/index.php\/wp-json\/wp\/v2\/media\/3539"}],"wp:attachment":[{"href":"https:\/\/nordesteimprensa.com.br\/index.php\/wp-json\/wp\/v2\/media?parent=3538"}],"wp:term":[{"taxonomy":"category","embeddable":true,"href":"https:\/\/nordesteimprensa.com.br\/index.php\/wp-json\/wp\/v2\/categories?post=3538"},{"taxonomy":"post_tag","embeddable":true,"href":"https:\/\/nordesteimprensa.com.br\/index.php\/wp-json\/wp\/v2\/tags?post=3538"}],"curies":[{"name":"wp","href":"https:\/\/api.w.org\/{rel}","templated":true}]}}