{"id":3542,"date":"2023-07-09T07:59:00","date_gmt":"2023-07-09T10:59:00","guid":{"rendered":"https:\/\/nordesteimprensa.com.br\/?p=3542"},"modified":"2023-07-10T07:59:53","modified_gmt":"2023-07-10T10:59:53","slug":"corpo-de-um-dos-caminhoneiros-mortos-em-acidente-em-mg-esta-previsto-para-chegar-a-sergipe-neste-domingo","status":"publish","type":"post","link":"https:\/\/nordesteimprensa.com.br\/index.php\/2023\/07\/09\/corpo-de-um-dos-caminhoneiros-mortos-em-acidente-em-mg-esta-previsto-para-chegar-a-sergipe-neste-domingo\/","title":{"rendered":"Corpo de um dos caminhoneiros mortos em acidente em MG est\u00e1 previsto para chegar a Sergipe neste domingo\u00a0"},"content":{"rendered":"\n<p>O corpo do caminhoneiro Luiz Antelmo Bispo, de 36 anos, que&nbsp;<a class=\"\" href=\"https:\/\/g1.globo.com\/se\/sergipe\/noticia\/2023\/07\/07\/corpos-de-caminhoneiros-vitimas-de-acidente-em-mg-ainda-nao-tem-data-para-chegar-a-sergipe.ghtml\">morreu em um acidente na BR-116, em Minas Gerais&nbsp;<\/a>deve chegar ao munic\u00edpio de&nbsp;<a class=\"\" href=\"https:\/\/g1.globo.com\/se\/sergipe\/cidade\/campo-do-brito\/\">Campo do Brito<\/a>, no Agreste de Sergipe, na noite deste domingo (9). A informa\u00e7\u00e3o foi confirmada por familiares, que acompanharam a libera\u00e7\u00e3o no Instituto M\u00e9dico Legal (IML) de Governador Valadares (MG).&nbsp;<\/p>\n\n\n\n<p>Segundo a fam\u00edlia, o sepultamento de Luiz Antelmo est\u00e1 previsto para acontecer nesta segunda-feira (10), a partir das 10 horas, em Campo do Brito.&nbsp;<\/p>\n\n\n\n<p>Al\u00e9m dele, o caminhoneiro, Jos\u00e9 Pedro Gomes, de 68 anos, tamb\u00e9m morreu no acidente. No entanto, ainda n\u00e3o h\u00e1 uma previs\u00e3o para libera\u00e7\u00e3o do corpo dele. J\u00e1 que ser\u00e1 necess\u00e1ria a realiza\u00e7\u00e3o de exames de D<\/p>\n\n\n\n<p><br><\/p>\n\n\n\n<p><\/p>\n\n\n\n<p><\/p>\n\n\n\n<p><\/p>\n\n\n\n<p><\/p>\n","protected":false},"excerpt":{"rendered":"<p>O corpo do caminhoneiro Luiz Antelmo Bispo, de 36 anos, que&nbsp;morreu em um acidente na BR-116, em Minas Gerais&nbsp;deve chegar ao munic\u00edpio de&nbsp;Campo do Brito, no Agreste de Sergipe, na noite deste domingo (9). A informa\u00e7\u00e3o foi confirmada por familiares, que acompanharam a libera\u00e7\u00e3o no Instituto M\u00e9dico Legal (IML) de Governador Valadares (MG).&nbsp; Segundo a [&hellip;]<\/p>\n","protected":false},"author":1,"featured_media":3543,"comment_status":"open","ping_status":"open","sticky":false,"template":"","format":"standard","meta":{"footnotes":""},"categories":[10],"tags":[],"class_list":{"0":"post-3542","1":"post","2":"type-post","3":"status-publish","4":"format-standard","5":"has-post-thumbnail","7":"category-theme-features"},"_links":{"self":[{"href":"https:\/\/nordesteimprensa.com.br\/index.php\/wp-json\/wp\/v2\/posts\/3542","targetHints":{"allow":["GET"]}}],"collection":[{"href":"https:\/\/nordesteimprensa.com.br\/index.php\/wp-json\/wp\/v2\/posts"}],"about":[{"href":"https:\/\/nordesteimprensa.com.br\/index.php\/wp-json\/wp\/v2\/types\/post"}],"author":[{"embeddable":true,"href":"https:\/\/nordesteimprensa.com.br\/index.php\/wp-json\/wp\/v2\/users\/1"}],"replies":[{"embeddable":true,"href":"https:\/\/nordesteimprensa.com.br\/index.php\/wp-json\/wp\/v2\/comments?post=3542"}],"version-history":[{"count":1,"href":"https:\/\/nordesteimprensa.com.br\/index.php\/wp-json\/wp\/v2\/posts\/3542\/revisions"}],"predecessor-version":[{"id":3544,"href":"https:\/\/nordesteimprensa.com.br\/index.php\/wp-json\/wp\/v2\/posts\/3542\/revisions\/3544"}],"wp:featuredmedia":[{"embeddable":true,"href":"https:\/\/nordesteimprensa.com.br\/index.php\/wp-json\/wp\/v2\/media\/3543"}],"wp:attachment":[{"href":"https:\/\/nordesteimprensa.com.br\/index.php\/wp-json\/wp\/v2\/media?parent=3542"}],"wp:term":[{"taxonomy":"category","embeddable":true,"href":"https:\/\/nordesteimprensa.com.br\/index.php\/wp-json\/wp\/v2\/categories?post=3542"},{"taxonomy":"post_tag","embeddable":true,"href":"https:\/\/nordesteimprensa.com.br\/index.php\/wp-json\/wp\/v2\/tags?post=3542"}],"curies":[{"name":"wp","href":"https:\/\/api.w.org\/{rel}","templated":true}]}}