{"id":3585,"date":"2023-07-17T10:00:11","date_gmt":"2023-07-17T13:00:11","guid":{"rendered":"https:\/\/nordesteimprensa.com.br\/?p=3585"},"modified":"2023-07-17T10:00:12","modified_gmt":"2023-07-17T13:00:12","slug":"pai-e-preso-por-estuprar-e-engravidar-a-propria-filha-em-socorro","status":"publish","type":"post","link":"https:\/\/nordesteimprensa.com.br\/index.php\/2023\/07\/17\/pai-e-preso-por-estuprar-e-engravidar-a-propria-filha-em-socorro\/","title":{"rendered":"Pai \u00e9 preso por estuprar e engravidar a pr\u00f3pria filha em Socorro"},"content":{"rendered":"\n<p>Policiais da Delegacia Especial de Atendimento a Grupos Vulner\u00e1veis de Nossa Senhora do Socorro (DAGV) prenderam um homem investigado por estuprar e engravidar a pr\u00f3pria filha adolescente. A a\u00e7\u00e3o policial ocorreu na \u00faltima sexta-feira, 14.<\/p>\n\n\n\n<p>Segundo o delegado Paulo M\u00e1rcio, o caso foi comunicado no \u00faltimo dia 11. \u201cTomamos os depoimentos e encaminhamos a v\u00edtima \u00e0 per\u00edcia e ao atendimento psicossocial. No mesmo dia, solicitamos a pris\u00e3o preventiva e busca domiciliar\u201d, iniciou.<\/p>\n\n\n\n<p>Ainda conforme o delegado, o investigado foi preso em sua resid\u00eancia, no momento em que sa\u00eda para trabalhar. \u201cNesta sexta-feira, pela manh\u00e3, conseguimos cumprir com \u00eaxito ambos os mandados, tanto o de pris\u00e3o, quanto o de busca domiciliar\u201d, acrescentou.<\/p>\n\n\n\n<p>De acordo com a delegada Lorena Rocha, o investigado confessou o crime. \u201cEle foi encaminhado \u00e0 DAGV de Nossa Senhora do Socorro, onde foi feito o interrogat\u00f3rio. Ele assumiu o crime e disse que praticava o crime desde que a v\u00edtima tinha 10 anos\u201d, revelou.<\/p>\n\n\n\n<p>Tamb\u00e9m segundo a delegada, h\u00e1 ind\u00edcios de que possa haver outra v\u00edtima. \u201cAp\u00f3s ser interrogado, o investigado ser\u00e1 encaminhado \u00e0 audi\u00eancia de cust\u00f3dia na 1\u00aa Vara Criminal de Socorro\u201d,&nbsp;concluiu.<\/p>\n\n\n\n<p>Fonte: Pol\u00edcia Civil<\/p>\n","protected":false},"excerpt":{"rendered":"<p>Policiais da Delegacia Especial de Atendimento a Grupos Vulner\u00e1veis de Nossa Senhora do Socorro (DAGV) prenderam um homem investigado por estuprar e engravidar a pr\u00f3pria filha adolescente. A a\u00e7\u00e3o policial ocorreu na \u00faltima sexta-feira, 14. Segundo o delegado Paulo M\u00e1rcio, o caso foi comunicado no \u00faltimo dia 11. \u201cTomamos os depoimentos e encaminhamos a v\u00edtima [&hellip;]<\/p>\n","protected":false},"author":1,"featured_media":3586,"comment_status":"open","ping_status":"open","sticky":false,"template":"","format":"standard","meta":{"footnotes":""},"categories":[10],"tags":[],"class_list":{"0":"post-3585","1":"post","2":"type-post","3":"status-publish","4":"format-standard","5":"has-post-thumbnail","7":"category-theme-features"},"_links":{"self":[{"href":"https:\/\/nordesteimprensa.com.br\/index.php\/wp-json\/wp\/v2\/posts\/3585","targetHints":{"allow":["GET"]}}],"collection":[{"href":"https:\/\/nordesteimprensa.com.br\/index.php\/wp-json\/wp\/v2\/posts"}],"about":[{"href":"https:\/\/nordesteimprensa.com.br\/index.php\/wp-json\/wp\/v2\/types\/post"}],"author":[{"embeddable":true,"href":"https:\/\/nordesteimprensa.com.br\/index.php\/wp-json\/wp\/v2\/users\/1"}],"replies":[{"embeddable":true,"href":"https:\/\/nordesteimprensa.com.br\/index.php\/wp-json\/wp\/v2\/comments?post=3585"}],"version-history":[{"count":1,"href":"https:\/\/nordesteimprensa.com.br\/index.php\/wp-json\/wp\/v2\/posts\/3585\/revisions"}],"predecessor-version":[{"id":3587,"href":"https:\/\/nordesteimprensa.com.br\/index.php\/wp-json\/wp\/v2\/posts\/3585\/revisions\/3587"}],"wp:featuredmedia":[{"embeddable":true,"href":"https:\/\/nordesteimprensa.com.br\/index.php\/wp-json\/wp\/v2\/media\/3586"}],"wp:attachment":[{"href":"https:\/\/nordesteimprensa.com.br\/index.php\/wp-json\/wp\/v2\/media?parent=3585"}],"wp:term":[{"taxonomy":"category","embeddable":true,"href":"https:\/\/nordesteimprensa.com.br\/index.php\/wp-json\/wp\/v2\/categories?post=3585"},{"taxonomy":"post_tag","embeddable":true,"href":"https:\/\/nordesteimprensa.com.br\/index.php\/wp-json\/wp\/v2\/tags?post=3585"}],"curies":[{"name":"wp","href":"https:\/\/api.w.org\/{rel}","templated":true}]}}