{"id":3588,"date":"2023-07-16T10:02:00","date_gmt":"2023-07-16T13:02:00","guid":{"rendered":"https:\/\/nordesteimprensa.com.br\/?p=3588"},"modified":"2023-07-17T10:06:56","modified_gmt":"2023-07-17T13:06:56","slug":"policia-prende-investigado-por-estupro-de-vulneravel-foragido-desde-2019","status":"publish","type":"post","link":"https:\/\/nordesteimprensa.com.br\/index.php\/2023\/07\/16\/policia-prende-investigado-por-estupro-de-vulneravel-foragido-desde-2019\/","title":{"rendered":"Pol\u00edcia prende investigado por estupro de vulner\u00e1vel foragido desde 2019"},"content":{"rendered":"\n<p>No \u00faltimo domingo, 16, a Central de Flagrantes identificou um homem com mandado de pris\u00e3o em aberto por estupro de vulner\u00e1vel. Ele foi conduzido \u00e0 unidade policial pela Guarda Municipal ap\u00f3s um conflito envolvendo quatro pessoas na sede de um abrigo municipal no centro de Aracaju. Na unidade policial, foi identificada a decis\u00e3o judicial.<\/p>\n\n\n\n<p>De acordo com o delegado Felipe Andrade, os conduzidos foram identificados pela equipe dos policiais civis plantonistas. \u201cEm raz\u00e3o do trabalho de identifica\u00e7\u00e3o e consulta realizado pelos policiais, foi verificado que um dos conduzidos tinha um mandado de pris\u00e3o preventiva pendente de cumprimento\u201d, detalhou.<\/p>\n\n\n\n<p>Ainda conforme o delegado, o conduzido estava foragido da justi\u00e7a desde o ano de 2019, quando foi decretada a sua pris\u00e3o preventiva pela 2\u00aa Vara Criminal de Nossa Senhora do Socorro.<\/p>\n\n\n\n<p>\u201cConsta, ainda, que, anteriormente \u00e0 decreta\u00e7\u00e3o dessa pris\u00e3o preventiva, que se deu em 2019, ele havia figurado por sete anos na condi\u00e7\u00e3o de foragido da justi\u00e7a\u201d, acrescentou Felipe Andrade.<\/p>\n\n\n\n<p>Segundo o delegado, o preso foi condenado \u00e0 pena definitiva de 12 anos, sete meses e 20 dias de de reclus\u00e3o pela pr\u00e1tica do crime de estupro contra a enteada, de sete anos.<\/p>\n\n\n\n<p>\u201cTrata-se de um importante cumprimento de mandado de pris\u00e3o em raz\u00e3o da gravidade concreta do crime praticado, pelos anos a fio, enquanto fugitivo da justi\u00e7a, al\u00e9m da necessidade de efetiva\u00e7\u00e3o do cumprimento da pena imposta\u201d, finalizou o delegado.<\/p>\n\n\n\n<p>Fonte: SSP\/SE<\/p>\n","protected":false},"excerpt":{"rendered":"<p>No \u00faltimo domingo, 16, a Central de Flagrantes identificou um homem com mandado de pris\u00e3o em aberto por estupro de vulner\u00e1vel. Ele foi conduzido \u00e0 unidade policial pela Guarda Municipal ap\u00f3s um conflito envolvendo quatro pessoas na sede de um abrigo municipal no centro de Aracaju. Na unidade policial, foi identificada a decis\u00e3o judicial. De [&hellip;]<\/p>\n","protected":false},"author":1,"featured_media":3589,"comment_status":"open","ping_status":"open","sticky":false,"template":"","format":"standard","meta":{"footnotes":""},"categories":[10],"tags":[],"class_list":{"0":"post-3588","1":"post","2":"type-post","3":"status-publish","4":"format-standard","5":"has-post-thumbnail","7":"category-theme-features"},"_links":{"self":[{"href":"https:\/\/nordesteimprensa.com.br\/index.php\/wp-json\/wp\/v2\/posts\/3588","targetHints":{"allow":["GET"]}}],"collection":[{"href":"https:\/\/nordesteimprensa.com.br\/index.php\/wp-json\/wp\/v2\/posts"}],"about":[{"href":"https:\/\/nordesteimprensa.com.br\/index.php\/wp-json\/wp\/v2\/types\/post"}],"author":[{"embeddable":true,"href":"https:\/\/nordesteimprensa.com.br\/index.php\/wp-json\/wp\/v2\/users\/1"}],"replies":[{"embeddable":true,"href":"https:\/\/nordesteimprensa.com.br\/index.php\/wp-json\/wp\/v2\/comments?post=3588"}],"version-history":[{"count":1,"href":"https:\/\/nordesteimprensa.com.br\/index.php\/wp-json\/wp\/v2\/posts\/3588\/revisions"}],"predecessor-version":[{"id":3590,"href":"https:\/\/nordesteimprensa.com.br\/index.php\/wp-json\/wp\/v2\/posts\/3588\/revisions\/3590"}],"wp:featuredmedia":[{"embeddable":true,"href":"https:\/\/nordesteimprensa.com.br\/index.php\/wp-json\/wp\/v2\/media\/3589"}],"wp:attachment":[{"href":"https:\/\/nordesteimprensa.com.br\/index.php\/wp-json\/wp\/v2\/media?parent=3588"}],"wp:term":[{"taxonomy":"category","embeddable":true,"href":"https:\/\/nordesteimprensa.com.br\/index.php\/wp-json\/wp\/v2\/categories?post=3588"},{"taxonomy":"post_tag","embeddable":true,"href":"https:\/\/nordesteimprensa.com.br\/index.php\/wp-json\/wp\/v2\/tags?post=3588"}],"curies":[{"name":"wp","href":"https:\/\/api.w.org\/{rel}","templated":true}]}}