{"id":3624,"date":"2023-07-20T18:44:57","date_gmt":"2023-07-20T21:44:57","guid":{"rendered":"https:\/\/nordesteimprensa.com.br\/?p=3624"},"modified":"2023-07-20T18:44:58","modified_gmt":"2023-07-20T21:44:58","slug":"gestao-de-alberto-macedo-impressiona-e-torna-se-modelo-para-sergipe","status":"publish","type":"post","link":"https:\/\/nordesteimprensa.com.br\/index.php\/2023\/07\/20\/gestao-de-alberto-macedo-impressiona-e-torna-se-modelo-para-sergipe\/","title":{"rendered":"Gest\u00e3o de Alberto Macedo impressiona e torna-se modelo para Sergipe"},"content":{"rendered":"\n<p><em>O prefeito que pegou o munic\u00edpio falido, sanou as finan\u00e7as e comprova que o que falta nas demais cidades n\u00e3o \u00e9 recurso, \u00e9 vontade de realizar.<\/em><br><\/p>\n\n\n\n<p>Com a recente san\u00e7\u00e3o da lei que assegura o pagamento do piso salarial dos profissionais da enfermagem, o prefeito da Barra dos Coqueiros, Alberto Macedo (MDB), provou, mais uma vez, que o que falta nos demais munic\u00edpios sergipanos n\u00e3o \u00e9 recurso, e sim a vontade de realizar.<\/p>\n\n\n\n<p>Em dois anos e meio de gest\u00e3o, Alberto entrou para a hist\u00f3ria do estado, ao se tornar o primeiro prefeito a garantir o t\u00e3o aguardado pagamento do piso para os profissionais da enfermagem, servindo de modelo para os demais gestores sergipanos, que ainda n\u00e3o atenderam as demandas da categoria.<\/p>\n\n\n\n<p>Vale lembrar, neste caso, que a san\u00e7\u00e3o \u00e9 fruto do comprometimento do gestor, que j\u00e1 vinha dialogando com representantes da \u00e1rea, al\u00e9m de ter determinado que fossem tomadas v\u00e1rias medidas por parte da Secretaria Municipal de Finan\u00e7as, a exemplo de um estudo de redu\u00e7\u00e3o de gastos, para que o pagamento do piso fosse feito.<\/p>\n\n\n\n<p>E, n\u00e3o somente o caso do piso da enfermagem prova a efici\u00eancia da gest\u00e3o de Macedo. O prefeito acumula grandes feitos na cidade que, naturalmente, o posicionam bem para uma poss\u00edvel reelei\u00e7\u00e3o. Um deles foi o fato de ter colocado o caixa em dia, ap\u00f3s ter chegado \u00e0 administra\u00e7\u00e3o com um munic\u00edpio quase falido, onde a antiga gest\u00e3o havia deixado uma d\u00edvida de R$ 23 milh\u00f5es.<\/p>\n\n\n\n<p><\/p>\n\n\n\n<p><\/p>\n\n\n\n<p><\/p>\n","protected":false},"excerpt":{"rendered":"<p>O prefeito que pegou o munic\u00edpio falido, sanou as finan\u00e7as e comprova que o que falta nas demais cidades n\u00e3o \u00e9 recurso, \u00e9 vontade de realizar. Com a recente san\u00e7\u00e3o da lei que assegura o pagamento do piso salarial dos profissionais da enfermagem, o prefeito da Barra dos Coqueiros, Alberto Macedo (MDB), provou, mais uma [&hellip;]<\/p>\n","protected":false},"author":1,"featured_media":3625,"comment_status":"open","ping_status":"open","sticky":false,"template":"","format":"standard","meta":{"footnotes":""},"categories":[10],"tags":[],"class_list":{"0":"post-3624","1":"post","2":"type-post","3":"status-publish","4":"format-standard","5":"has-post-thumbnail","7":"category-theme-features"},"_links":{"self":[{"href":"https:\/\/nordesteimprensa.com.br\/index.php\/wp-json\/wp\/v2\/posts\/3624","targetHints":{"allow":["GET"]}}],"collection":[{"href":"https:\/\/nordesteimprensa.com.br\/index.php\/wp-json\/wp\/v2\/posts"}],"about":[{"href":"https:\/\/nordesteimprensa.com.br\/index.php\/wp-json\/wp\/v2\/types\/post"}],"author":[{"embeddable":true,"href":"https:\/\/nordesteimprensa.com.br\/index.php\/wp-json\/wp\/v2\/users\/1"}],"replies":[{"embeddable":true,"href":"https:\/\/nordesteimprensa.com.br\/index.php\/wp-json\/wp\/v2\/comments?post=3624"}],"version-history":[{"count":1,"href":"https:\/\/nordesteimprensa.com.br\/index.php\/wp-json\/wp\/v2\/posts\/3624\/revisions"}],"predecessor-version":[{"id":3626,"href":"https:\/\/nordesteimprensa.com.br\/index.php\/wp-json\/wp\/v2\/posts\/3624\/revisions\/3626"}],"wp:featuredmedia":[{"embeddable":true,"href":"https:\/\/nordesteimprensa.com.br\/index.php\/wp-json\/wp\/v2\/media\/3625"}],"wp:attachment":[{"href":"https:\/\/nordesteimprensa.com.br\/index.php\/wp-json\/wp\/v2\/media?parent=3624"}],"wp:term":[{"taxonomy":"category","embeddable":true,"href":"https:\/\/nordesteimprensa.com.br\/index.php\/wp-json\/wp\/v2\/categories?post=3624"},{"taxonomy":"post_tag","embeddable":true,"href":"https:\/\/nordesteimprensa.com.br\/index.php\/wp-json\/wp\/v2\/tags?post=3624"}],"curies":[{"name":"wp","href":"https:\/\/api.w.org\/{rel}","templated":true}]}}