{"id":3627,"date":"2023-07-21T12:07:45","date_gmt":"2023-07-21T15:07:45","guid":{"rendered":"https:\/\/nordesteimprensa.com.br\/?p=3627"},"modified":"2023-07-21T12:07:46","modified_gmt":"2023-07-21T15:07:46","slug":"delegacia-de-simao-dias-prende-dupla-suspeita-de-homicidio","status":"publish","type":"post","link":"https:\/\/nordesteimprensa.com.br\/index.php\/2023\/07\/21\/delegacia-de-simao-dias-prende-dupla-suspeita-de-homicidio\/","title":{"rendered":"Delegacia de Sim\u00e3o Dias prende dupla suspeita de homic\u00eddio"},"content":{"rendered":"\n<p>Na \u00faltima quarta-feira, 20, a Delegacia de Sim\u00e3o Dias cumpriu dois mandados de pris\u00e3o tempor\u00e1ria por homic\u00eddio e dois mandados de busca e apreens\u00e3o. Na a\u00e7\u00e3o, dois homens foram detidos.<\/p>\n\n\n\n<p>De acordo com investiga\u00e7\u00f5es, a dupla presa \u00e9 suspeita de um homic\u00eddio ocorrido em fevereiro deste ano, no povoado Mata do Peru, em Sim\u00e3o Dias. No crime, os suspeitos, de 22 e 30 anos, chegaram \u00e0 resid\u00eancia da v\u00edtima, em uma motocicleta. Ap\u00f3s chamarem por ela, um dos homens desceu do ve\u00edculo, portando uma espingarda calibre 12, e efetuou tr\u00eas disparos contra o morador do im\u00f3vel, causando-lhe ferimentos fatais.<\/p>\n\n\n\n<p>Ap\u00f3s o delito, a equipe de investiga\u00e7\u00e3o empreendeu dilig\u00eancias e coletou imagens, que revelaram o trajeto percorrido pelos investigados. A an\u00e1lise detalhada das imagens permitiu a identifica\u00e7\u00e3o e a pris\u00e3o dos suspeitos envolvidos.<\/p>\n\n\n\n<p>Durante o interrogat\u00f3rio, os detidos confessaram o crime, fornecendo detalhes de como o ato&nbsp;aconteceu e a motiva\u00e7\u00e3o. Os autores alegaram que a v\u00edtima teria feito supostas amea\u00e7as a um deles, o que teria culminado no tr\u00e1gico desfecho.<\/p>\n\n\n\n<p>Durante os trabalhos, a equipe policial tamb\u00e9m apreendeu a motocicleta e as roupas utilizadas no momento do homic\u00eddio.<\/p>\n\n\n\n<p>A Pol\u00edcia Civil pede \u00e0 popula\u00e7\u00e3o que informa\u00e7\u00f5es sobre qualquer crime&nbsp;na regi\u00e3o podem ser fornecidas, de forma an\u00f4nima, atrav\u00e9s do telefone 181 (Disque-Den\u00fancia).<\/p>\n\n\n\n<p>Fonte: SSP\/SE<\/p>\n\n\n\n<p><\/p>\n\n\n\n<p><\/p>\n\n\n\n<p><\/p>\n\n\n\n<p><\/p>\n","protected":false},"excerpt":{"rendered":"<p>Na \u00faltima quarta-feira, 20, a Delegacia de Sim\u00e3o Dias cumpriu dois mandados de pris\u00e3o tempor\u00e1ria por homic\u00eddio e dois mandados de busca e apreens\u00e3o. Na a\u00e7\u00e3o, dois homens foram detidos. De acordo com investiga\u00e7\u00f5es, a dupla presa \u00e9 suspeita de um homic\u00eddio ocorrido em fevereiro deste ano, no povoado Mata do Peru, em Sim\u00e3o Dias. [&hellip;]<\/p>\n","protected":false},"author":1,"featured_media":3628,"comment_status":"open","ping_status":"open","sticky":false,"template":"","format":"standard","meta":{"footnotes":""},"categories":[10],"tags":[],"class_list":{"0":"post-3627","1":"post","2":"type-post","3":"status-publish","4":"format-standard","5":"has-post-thumbnail","7":"category-theme-features"},"_links":{"self":[{"href":"https:\/\/nordesteimprensa.com.br\/index.php\/wp-json\/wp\/v2\/posts\/3627","targetHints":{"allow":["GET"]}}],"collection":[{"href":"https:\/\/nordesteimprensa.com.br\/index.php\/wp-json\/wp\/v2\/posts"}],"about":[{"href":"https:\/\/nordesteimprensa.com.br\/index.php\/wp-json\/wp\/v2\/types\/post"}],"author":[{"embeddable":true,"href":"https:\/\/nordesteimprensa.com.br\/index.php\/wp-json\/wp\/v2\/users\/1"}],"replies":[{"embeddable":true,"href":"https:\/\/nordesteimprensa.com.br\/index.php\/wp-json\/wp\/v2\/comments?post=3627"}],"version-history":[{"count":1,"href":"https:\/\/nordesteimprensa.com.br\/index.php\/wp-json\/wp\/v2\/posts\/3627\/revisions"}],"predecessor-version":[{"id":3629,"href":"https:\/\/nordesteimprensa.com.br\/index.php\/wp-json\/wp\/v2\/posts\/3627\/revisions\/3629"}],"wp:featuredmedia":[{"embeddable":true,"href":"https:\/\/nordesteimprensa.com.br\/index.php\/wp-json\/wp\/v2\/media\/3628"}],"wp:attachment":[{"href":"https:\/\/nordesteimprensa.com.br\/index.php\/wp-json\/wp\/v2\/media?parent=3627"}],"wp:term":[{"taxonomy":"category","embeddable":true,"href":"https:\/\/nordesteimprensa.com.br\/index.php\/wp-json\/wp\/v2\/categories?post=3627"},{"taxonomy":"post_tag","embeddable":true,"href":"https:\/\/nordesteimprensa.com.br\/index.php\/wp-json\/wp\/v2\/tags?post=3627"}],"curies":[{"name":"wp","href":"https:\/\/api.w.org\/{rel}","templated":true}]}}