{"id":3633,"date":"2023-07-22T11:09:52","date_gmt":"2023-07-22T14:09:52","guid":{"rendered":"https:\/\/nordesteimprensa.com.br\/?p=3633"},"modified":"2023-07-22T11:09:54","modified_gmt":"2023-07-22T14:09:54","slug":"suspeita-de-matar-os-filhos-em-aracaju-e-encontrada-morta-dentro-de-presidio","status":"publish","type":"post","link":"https:\/\/nordesteimprensa.com.br\/index.php\/2023\/07\/22\/suspeita-de-matar-os-filhos-em-aracaju-e-encontrada-morta-dentro-de-presidio\/","title":{"rendered":"Suspeita de matar os filhos em Aracaju \u00e9 encontrada morta dentro de pres\u00eddio"},"content":{"rendered":"\n<p>Uma detenta que estava presa por&nbsp;suspeita de envolvimento na morte dos dois filhos foi encontrada morta, sem sinais de viol\u00eancia, em uma das celas do Pres\u00eddio Feminino (Prefem), localizado em Nossa Senhora do Socorro. A informa\u00e7\u00e3o foi confirmada na \u00faltima quinta-feira, 20, pela Secretaria de Estado da Justi\u00e7a e Defesa do Consumidor (Sejuc).<\/p>\n\n\n\n<p>A mulher e o companheiro foram presos em Aracaju, no dia 15 de novembro de 2019, suspeitos pelas mortes das crian\u00e7as de 6 e 10 anos, que eram filhos dela. Os meninos haviam desaparecido no dia 6 de novembro, ap\u00f3s sa\u00edrem de casa para ir at\u00e9 uma mercearia e nunca chegaram.<\/p>\n\n\n\n<p>Os corpos foram encontrados dois dias depois, na Lagoa do Areias, no Bairro Santa Maria, Zona Sul de&nbsp;Aracaju. O laudo do Instituto M\u00e9dico Legal (IML) apontou que as crian\u00e7as morreram por les\u00f5es de traumatismo craniano e politraumatismo.<\/p>\n\n\n\n<p>Fonte: G1 SE<\/p>\n\n\n\n<p><br><\/p>\n\n\n\n<p><\/p>\n\n\n\n<p><\/p>\n\n\n\n<p><\/p>\n\n\n\n<p><\/p>\n\n\n\n<p><\/p>\n","protected":false},"excerpt":{"rendered":"<p>Uma detenta que estava presa por&nbsp;suspeita de envolvimento na morte dos dois filhos foi encontrada morta, sem sinais de viol\u00eancia, em uma das celas do Pres\u00eddio Feminino (Prefem), localizado em Nossa Senhora do Socorro. A informa\u00e7\u00e3o foi confirmada na \u00faltima quinta-feira, 20, pela Secretaria de Estado da Justi\u00e7a e Defesa do Consumidor (Sejuc). A mulher [&hellip;]<\/p>\n","protected":false},"author":1,"featured_media":3634,"comment_status":"open","ping_status":"open","sticky":false,"template":"","format":"standard","meta":{"footnotes":""},"categories":[10],"tags":[],"class_list":{"0":"post-3633","1":"post","2":"type-post","3":"status-publish","4":"format-standard","5":"has-post-thumbnail","7":"category-theme-features"},"_links":{"self":[{"href":"https:\/\/nordesteimprensa.com.br\/index.php\/wp-json\/wp\/v2\/posts\/3633","targetHints":{"allow":["GET"]}}],"collection":[{"href":"https:\/\/nordesteimprensa.com.br\/index.php\/wp-json\/wp\/v2\/posts"}],"about":[{"href":"https:\/\/nordesteimprensa.com.br\/index.php\/wp-json\/wp\/v2\/types\/post"}],"author":[{"embeddable":true,"href":"https:\/\/nordesteimprensa.com.br\/index.php\/wp-json\/wp\/v2\/users\/1"}],"replies":[{"embeddable":true,"href":"https:\/\/nordesteimprensa.com.br\/index.php\/wp-json\/wp\/v2\/comments?post=3633"}],"version-history":[{"count":1,"href":"https:\/\/nordesteimprensa.com.br\/index.php\/wp-json\/wp\/v2\/posts\/3633\/revisions"}],"predecessor-version":[{"id":3635,"href":"https:\/\/nordesteimprensa.com.br\/index.php\/wp-json\/wp\/v2\/posts\/3633\/revisions\/3635"}],"wp:featuredmedia":[{"embeddable":true,"href":"https:\/\/nordesteimprensa.com.br\/index.php\/wp-json\/wp\/v2\/media\/3634"}],"wp:attachment":[{"href":"https:\/\/nordesteimprensa.com.br\/index.php\/wp-json\/wp\/v2\/media?parent=3633"}],"wp:term":[{"taxonomy":"category","embeddable":true,"href":"https:\/\/nordesteimprensa.com.br\/index.php\/wp-json\/wp\/v2\/categories?post=3633"},{"taxonomy":"post_tag","embeddable":true,"href":"https:\/\/nordesteimprensa.com.br\/index.php\/wp-json\/wp\/v2\/tags?post=3633"}],"curies":[{"name":"wp","href":"https:\/\/api.w.org\/{rel}","templated":true}]}}