{"id":3636,"date":"2023-07-24T10:24:50","date_gmt":"2023-07-24T13:24:50","guid":{"rendered":"https:\/\/nordesteimprensa.com.br\/?p=3636"},"modified":"2023-07-24T10:24:51","modified_gmt":"2023-07-24T13:24:51","slug":"acidente-em-ponte-deixa-cinco-pessoas-feridas-em-aracaju","status":"publish","type":"post","link":"https:\/\/nordesteimprensa.com.br\/index.php\/2023\/07\/24\/acidente-em-ponte-deixa-cinco-pessoas-feridas-em-aracaju\/","title":{"rendered":"Acidente em ponte deixa cinco pessoas feridas em Aracaju"},"content":{"rendered":"\n<p>No \u00faltimo sabado, 22, cinco pessoas ficaram feridas em um acidente envolvendo dois carros na Grande Aracaju.<\/p>\n\n\n\n<p>De acordo com a Superintend\u00eancia Municipal de Tr\u00e2nsito e Transporte (SMTT) de Nossa Senhora do Socorro, a colis\u00e3o aconteceu entre um t\u00e1xi-lota\u00e7\u00e3o e um ve\u00edculo de passeio na ponte que liga o Marcos Freire II, em Nossa Senhora do Socorro, ao Bairro Porto D\u2019Antas, em Aracaju.<\/p>\n\n\n\n<p>Ainda segundo a SMTT, os ve\u00edculos estavam em pistas contr\u00e1rias quando o carro invadiu a pista do t\u00e1xi-lota\u00e7\u00e3o.<\/p>\n\n\n\n<p>As v\u00edtimas foram socorridas pelo Servi\u00e7o de Atendimento M\u00f3vel de Urg\u00eancia (Samu) e encaminhadas para hospitais. O estado de sa\u00fade delas n\u00e3o foi informado.<\/p>\n\n\n\n<p>A Companhia de Pol\u00edcia de Tr\u00e2nsito (CPtran) informou que o condutor do ve\u00edculo de passeio se recusou a fazer o teste de baf\u00f4metro e foi conduzido a uma delegacia.<\/p>\n\n\n\n<p>Fonte: G1 SE<\/p>\n","protected":false},"excerpt":{"rendered":"<p>No \u00faltimo sabado, 22, cinco pessoas ficaram feridas em um acidente envolvendo dois carros na Grande Aracaju. De acordo com a Superintend\u00eancia Municipal de Tr\u00e2nsito e Transporte (SMTT) de Nossa Senhora do Socorro, a colis\u00e3o aconteceu entre um t\u00e1xi-lota\u00e7\u00e3o e um ve\u00edculo de passeio na ponte que liga o Marcos Freire II, em Nossa Senhora [&hellip;]<\/p>\n","protected":false},"author":1,"featured_media":3637,"comment_status":"open","ping_status":"open","sticky":false,"template":"","format":"standard","meta":{"footnotes":""},"categories":[10],"tags":[],"class_list":{"0":"post-3636","1":"post","2":"type-post","3":"status-publish","4":"format-standard","5":"has-post-thumbnail","7":"category-theme-features"},"_links":{"self":[{"href":"https:\/\/nordesteimprensa.com.br\/index.php\/wp-json\/wp\/v2\/posts\/3636","targetHints":{"allow":["GET"]}}],"collection":[{"href":"https:\/\/nordesteimprensa.com.br\/index.php\/wp-json\/wp\/v2\/posts"}],"about":[{"href":"https:\/\/nordesteimprensa.com.br\/index.php\/wp-json\/wp\/v2\/types\/post"}],"author":[{"embeddable":true,"href":"https:\/\/nordesteimprensa.com.br\/index.php\/wp-json\/wp\/v2\/users\/1"}],"replies":[{"embeddable":true,"href":"https:\/\/nordesteimprensa.com.br\/index.php\/wp-json\/wp\/v2\/comments?post=3636"}],"version-history":[{"count":1,"href":"https:\/\/nordesteimprensa.com.br\/index.php\/wp-json\/wp\/v2\/posts\/3636\/revisions"}],"predecessor-version":[{"id":3638,"href":"https:\/\/nordesteimprensa.com.br\/index.php\/wp-json\/wp\/v2\/posts\/3636\/revisions\/3638"}],"wp:featuredmedia":[{"embeddable":true,"href":"https:\/\/nordesteimprensa.com.br\/index.php\/wp-json\/wp\/v2\/media\/3637"}],"wp:attachment":[{"href":"https:\/\/nordesteimprensa.com.br\/index.php\/wp-json\/wp\/v2\/media?parent=3636"}],"wp:term":[{"taxonomy":"category","embeddable":true,"href":"https:\/\/nordesteimprensa.com.br\/index.php\/wp-json\/wp\/v2\/categories?post=3636"},{"taxonomy":"post_tag","embeddable":true,"href":"https:\/\/nordesteimprensa.com.br\/index.php\/wp-json\/wp\/v2\/tags?post=3636"}],"curies":[{"name":"wp","href":"https:\/\/api.w.org\/{rel}","templated":true}]}}