{"id":3639,"date":"2023-07-23T10:26:00","date_gmt":"2023-07-23T13:26:00","guid":{"rendered":"https:\/\/nordesteimprensa.com.br\/?p=3639"},"modified":"2023-07-24T10:26:49","modified_gmt":"2023-07-24T13:26:49","slug":"crianca-morre-apos-moto-bater-contra-muro-em-campo-do-brito","status":"publish","type":"post","link":"https:\/\/nordesteimprensa.com.br\/index.php\/2023\/07\/23\/crianca-morre-apos-moto-bater-contra-muro-em-campo-do-brito\/","title":{"rendered":"Crian\u00e7a morre ap\u00f3s moto bater contra muro em Campo do Brito"},"content":{"rendered":"\n<p>Na \u00faltima sexta-feira, 21, um menino, de 9 anos, morreu ap\u00f3s a moto em que ela estava bater contra um muro, no munic\u00edpio de Campo do Brito. A informa\u00e7\u00e3o foi confirmada pela fam\u00edlia da v\u00edtima.<\/p>\n\n\n\n<p>Segundo familiares, a moto era pilotada por um adolescente que estava acompanhado de duas crian\u00e7as, todos da mesma fam\u00edlia. Ap\u00f3s o acidente, as v\u00edtimas foram levadas para uma unidade de sa\u00fade, e uma delas n\u00e3o resistiu e faleceu.<\/p>\n\n\n\n<p>No s\u00e1bado, 22, familiares informaram que um dos feridos teve alta e o outro permanece internado em um hospital de Itabaiana.<\/p>\n\n\n\n<p>O sepultamento foi realizado na tarde do s\u00e1bado, 22.<\/p>\n\n\n\n<p>Fonte: G1 SE<\/p>\n","protected":false},"excerpt":{"rendered":"<p>Na \u00faltima sexta-feira, 21, um menino, de 9 anos, morreu ap\u00f3s a moto em que ela estava bater contra um muro, no munic\u00edpio de Campo do Brito. A informa\u00e7\u00e3o foi confirmada pela fam\u00edlia da v\u00edtima. Segundo familiares, a moto era pilotada por um adolescente que estava acompanhado de duas crian\u00e7as, todos da mesma fam\u00edlia. Ap\u00f3s [&hellip;]<\/p>\n","protected":false},"author":1,"featured_media":3640,"comment_status":"open","ping_status":"open","sticky":false,"template":"","format":"standard","meta":{"footnotes":""},"categories":[10],"tags":[],"class_list":{"0":"post-3639","1":"post","2":"type-post","3":"status-publish","4":"format-standard","5":"has-post-thumbnail","7":"category-theme-features"},"_links":{"self":[{"href":"https:\/\/nordesteimprensa.com.br\/index.php\/wp-json\/wp\/v2\/posts\/3639","targetHints":{"allow":["GET"]}}],"collection":[{"href":"https:\/\/nordesteimprensa.com.br\/index.php\/wp-json\/wp\/v2\/posts"}],"about":[{"href":"https:\/\/nordesteimprensa.com.br\/index.php\/wp-json\/wp\/v2\/types\/post"}],"author":[{"embeddable":true,"href":"https:\/\/nordesteimprensa.com.br\/index.php\/wp-json\/wp\/v2\/users\/1"}],"replies":[{"embeddable":true,"href":"https:\/\/nordesteimprensa.com.br\/index.php\/wp-json\/wp\/v2\/comments?post=3639"}],"version-history":[{"count":1,"href":"https:\/\/nordesteimprensa.com.br\/index.php\/wp-json\/wp\/v2\/posts\/3639\/revisions"}],"predecessor-version":[{"id":3641,"href":"https:\/\/nordesteimprensa.com.br\/index.php\/wp-json\/wp\/v2\/posts\/3639\/revisions\/3641"}],"wp:featuredmedia":[{"embeddable":true,"href":"https:\/\/nordesteimprensa.com.br\/index.php\/wp-json\/wp\/v2\/media\/3640"}],"wp:attachment":[{"href":"https:\/\/nordesteimprensa.com.br\/index.php\/wp-json\/wp\/v2\/media?parent=3639"}],"wp:term":[{"taxonomy":"category","embeddable":true,"href":"https:\/\/nordesteimprensa.com.br\/index.php\/wp-json\/wp\/v2\/categories?post=3639"},{"taxonomy":"post_tag","embeddable":true,"href":"https:\/\/nordesteimprensa.com.br\/index.php\/wp-json\/wp\/v2\/tags?post=3639"}],"curies":[{"name":"wp","href":"https:\/\/api.w.org\/{rel}","templated":true}]}}