{"id":3643,"date":"2023-07-26T10:33:49","date_gmt":"2023-07-26T13:33:49","guid":{"rendered":"https:\/\/nordesteimprensa.com.br\/?p=3643"},"modified":"2023-07-26T10:33:51","modified_gmt":"2023-07-26T13:33:51","slug":"lixao-de-graccho-cardoso-e-interditado-durante-fiscalizacao","status":"publish","type":"post","link":"https:\/\/nordesteimprensa.com.br\/index.php\/2023\/07\/26\/lixao-de-graccho-cardoso-e-interditado-durante-fiscalizacao\/","title":{"rendered":"Lix\u00e3o de Graccho Cardoso \u00e9 interditado durante fiscaliza\u00e7\u00e3o"},"content":{"rendered":"\n<p>Um lix\u00e3o no munic\u00edpio de&nbsp;<a class=\"\" href=\"https:\/\/g1.globo.com\/se\/sergipe\/cidade\/graccho-cardoso\/\">Graccho Cardoso<\/a>&nbsp;foi interditado pela Administra\u00e7\u00e3o Estadual do Meio Ambiente (Adema) durante a\u00e7\u00f5es da Fiscaliza\u00e7\u00e3o Preventiva Integrada em Sergipe (FPI\/SE) nessa ter\u00e7a-feira (25). Em uma \u00e1rea de aproximadamente 10 mil metros quadrados, foram encontrados res\u00edduos urbanos, restos de animais, pneus, entre outros entulhos.&nbsp;<\/p>\n\n\n\n<p>A FPI \u00e9 uma a\u00e7\u00e3o coordenada pelo Comit\u00ea da Bacia Hidrogr\u00e1fica do Rio S\u00e3o Francisco e pelos Minist\u00e9rios P\u00fablicos Estadual, Federal e do Trabalho.&nbsp;<\/p>\n\n\n\n<p>De acordo com o grupo, o lix\u00e3o se encontrava em atividade, com indicativo de descarte irregular constante e recente. N\u00e3o havia sinais de res\u00edduos oriundos de servi\u00e7os hospitalares.&nbsp;<\/p>\n\n\n\n<p>\u201cVerificamos restos de animais, pneus, bastante chorume, o que gera uma contamina\u00e7\u00e3o ambiental no len\u00e7ol fre\u00e1tico da regi\u00e3o, com consequ\u00eancias para a popula\u00e7\u00e3o. Interditamos a \u00e1rea, faremos outras dilig\u00eancias na prefeitura municipal, procedendo com as notifica\u00e7\u00f5es administrativas necess\u00e1rias e dando seguimento ao cronograma de a\u00e7\u00f5es\u201d, disse o coordenador da Equipe, Alexsandro Bueno.&nbsp;<\/p>\n\n\n\n<p>Um projeto do MP de Sergipe tem como objetivo encerrar os lix\u00f5es. \u201cO munic\u00edpio ter\u00e1 a oportunidade de se comprometer efetivamente para resolver essa quest\u00e3o, sob pena de responsabiliza\u00e7\u00e3o c\u00edvel, administrativa e criminal\u201d, afirmou.&nbsp;<\/p>\n\n\n\n<p>O\u00a0<strong>g1<\/strong>\u00a0tentou contato com a prefeitura de Graccho Cardoso, mas n\u00e3o teve retorno at\u00e9 a \u00faltima atualiza\u00e7\u00e3o desta reportagem.<\/p>\n\n\n\n<p>Fonte: G1 SE<\/p>\n","protected":false},"excerpt":{"rendered":"<p>Um lix\u00e3o no munic\u00edpio de&nbsp;Graccho Cardoso&nbsp;foi interditado pela Administra\u00e7\u00e3o Estadual do Meio Ambiente (Adema) durante a\u00e7\u00f5es da Fiscaliza\u00e7\u00e3o Preventiva Integrada em Sergipe (FPI\/SE) nessa ter\u00e7a-feira (25). Em uma \u00e1rea de aproximadamente 10 mil metros quadrados, foram encontrados res\u00edduos urbanos, restos de animais, pneus, entre outros entulhos.&nbsp; A FPI \u00e9 uma a\u00e7\u00e3o coordenada pelo Comit\u00ea da [&hellip;]<\/p>\n","protected":false},"author":1,"featured_media":3644,"comment_status":"open","ping_status":"open","sticky":false,"template":"","format":"standard","meta":{"footnotes":""},"categories":[10],"tags":[],"class_list":{"0":"post-3643","1":"post","2":"type-post","3":"status-publish","4":"format-standard","5":"has-post-thumbnail","7":"category-theme-features"},"_links":{"self":[{"href":"https:\/\/nordesteimprensa.com.br\/index.php\/wp-json\/wp\/v2\/posts\/3643","targetHints":{"allow":["GET"]}}],"collection":[{"href":"https:\/\/nordesteimprensa.com.br\/index.php\/wp-json\/wp\/v2\/posts"}],"about":[{"href":"https:\/\/nordesteimprensa.com.br\/index.php\/wp-json\/wp\/v2\/types\/post"}],"author":[{"embeddable":true,"href":"https:\/\/nordesteimprensa.com.br\/index.php\/wp-json\/wp\/v2\/users\/1"}],"replies":[{"embeddable":true,"href":"https:\/\/nordesteimprensa.com.br\/index.php\/wp-json\/wp\/v2\/comments?post=3643"}],"version-history":[{"count":1,"href":"https:\/\/nordesteimprensa.com.br\/index.php\/wp-json\/wp\/v2\/posts\/3643\/revisions"}],"predecessor-version":[{"id":3645,"href":"https:\/\/nordesteimprensa.com.br\/index.php\/wp-json\/wp\/v2\/posts\/3643\/revisions\/3645"}],"wp:featuredmedia":[{"embeddable":true,"href":"https:\/\/nordesteimprensa.com.br\/index.php\/wp-json\/wp\/v2\/media\/3644"}],"wp:attachment":[{"href":"https:\/\/nordesteimprensa.com.br\/index.php\/wp-json\/wp\/v2\/media?parent=3643"}],"wp:term":[{"taxonomy":"category","embeddable":true,"href":"https:\/\/nordesteimprensa.com.br\/index.php\/wp-json\/wp\/v2\/categories?post=3643"},{"taxonomy":"post_tag","embeddable":true,"href":"https:\/\/nordesteimprensa.com.br\/index.php\/wp-json\/wp\/v2\/tags?post=3643"}],"curies":[{"name":"wp","href":"https:\/\/api.w.org\/{rel}","templated":true}]}}