{"id":3646,"date":"2023-07-25T10:35:00","date_gmt":"2023-07-25T13:35:00","guid":{"rendered":"https:\/\/nordesteimprensa.com.br\/?p=3646"},"modified":"2023-07-26T10:35:37","modified_gmt":"2023-07-26T13:35:37","slug":"homem-que-foi-visto-mostrando-os-orgaos-genitais-nas-ruas-de-aracaju-esta-em-surto","status":"publish","type":"post","link":"https:\/\/nordesteimprensa.com.br\/index.php\/2023\/07\/25\/homem-que-foi-visto-mostrando-os-orgaos-genitais-nas-ruas-de-aracaju-esta-em-surto\/","title":{"rendered":"Homem que foi visto mostrando os \u00f3rg\u00e3os genitais nas ruas de Aracaju est\u00e1 em surto"},"content":{"rendered":"\n<p>Um homem que foi flagrado mostrando os \u00f3rg\u00e3os genitais e abordando algumas pessoas pelas ruas de&nbsp;<a class=\"\" href=\"https:\/\/g1.globo.com\/se\/sergipe\/cidade\/aracaju\/\">Aracaju<\/a>&nbsp;est\u00e1 em surto. A informa\u00e7\u00e3o foi confirmada nesta ter\u00e7a-feira (25) pela Secretaria Municipal de Sa\u00fade de Lagarto, respons\u00e1vel pelo Centro de Aten\u00e7\u00e3o Psicossocial (Caps) onde ele recebia atendimento.&nbsp;<\/p>\n\n\n\n<p>Segundo a SMS, h\u00e1 cerca de 30 dias ele interrompeu o tratamento que recebia e deixou a cidade. As circunst\u00e2ncias do deslocamento dele para a capital sergipana s\u00e3o desconhecidas.&nbsp;<\/p>\n\n\n\n<p>Nas \u00faltimas semanas, ele foi agredido por populares e preso, ap\u00f3s abordar pessoas na rua. Passou por audi\u00eancia de cust\u00f3dia, e apesar do pedido da Pol\u00edcia Civil \u00e0 Justi\u00e7a para que ele fosse recolhido para tratamento, ele acabou sendo liberado. Atrav\u00e9s de nota, o TJ informou que n\u00e3o iria se pronunciar sobre o assunto, pois o caso est\u00e1 em segredo de Justi\u00e7a.&nbsp;<\/p>\n\n\n\n<p>Em um novo surto, no \u00faltimo s\u00e1bado (22) ele foi encaminhado para um hospital na capital, de onde conseguiu fugir.&nbsp;<\/p>\n\n\n\n<p>A Secretaria de Sa\u00fade de Lagarto informou que est\u00e1 monitorando o caso e que vai encaminhar uma equipe para Aracaju para tentar localizar o homem e lev\u00e1-lo de volta para o munic\u00edpio, onde ele deve continuar o tratamento.<\/p>\n\n\n\n<p><br><\/p>\n\n\n\n<p><\/p>\n\n\n\n<p><\/p>\n\n\n\n<p><\/p>\n\n\n\n<p><\/p>\n","protected":false},"excerpt":{"rendered":"<p>Um homem que foi flagrado mostrando os \u00f3rg\u00e3os genitais e abordando algumas pessoas pelas ruas de&nbsp;Aracaju&nbsp;est\u00e1 em surto. A informa\u00e7\u00e3o foi confirmada nesta ter\u00e7a-feira (25) pela Secretaria Municipal de Sa\u00fade de Lagarto, respons\u00e1vel pelo Centro de Aten\u00e7\u00e3o Psicossocial (Caps) onde ele recebia atendimento.&nbsp; Segundo a SMS, h\u00e1 cerca de 30 dias ele interrompeu o tratamento [&hellip;]<\/p>\n","protected":false},"author":1,"featured_media":3647,"comment_status":"open","ping_status":"open","sticky":false,"template":"","format":"standard","meta":{"footnotes":""},"categories":[10],"tags":[],"class_list":{"0":"post-3646","1":"post","2":"type-post","3":"status-publish","4":"format-standard","5":"has-post-thumbnail","7":"category-theme-features"},"_links":{"self":[{"href":"https:\/\/nordesteimprensa.com.br\/index.php\/wp-json\/wp\/v2\/posts\/3646","targetHints":{"allow":["GET"]}}],"collection":[{"href":"https:\/\/nordesteimprensa.com.br\/index.php\/wp-json\/wp\/v2\/posts"}],"about":[{"href":"https:\/\/nordesteimprensa.com.br\/index.php\/wp-json\/wp\/v2\/types\/post"}],"author":[{"embeddable":true,"href":"https:\/\/nordesteimprensa.com.br\/index.php\/wp-json\/wp\/v2\/users\/1"}],"replies":[{"embeddable":true,"href":"https:\/\/nordesteimprensa.com.br\/index.php\/wp-json\/wp\/v2\/comments?post=3646"}],"version-history":[{"count":1,"href":"https:\/\/nordesteimprensa.com.br\/index.php\/wp-json\/wp\/v2\/posts\/3646\/revisions"}],"predecessor-version":[{"id":3648,"href":"https:\/\/nordesteimprensa.com.br\/index.php\/wp-json\/wp\/v2\/posts\/3646\/revisions\/3648"}],"wp:featuredmedia":[{"embeddable":true,"href":"https:\/\/nordesteimprensa.com.br\/index.php\/wp-json\/wp\/v2\/media\/3647"}],"wp:attachment":[{"href":"https:\/\/nordesteimprensa.com.br\/index.php\/wp-json\/wp\/v2\/media?parent=3646"}],"wp:term":[{"taxonomy":"category","embeddable":true,"href":"https:\/\/nordesteimprensa.com.br\/index.php\/wp-json\/wp\/v2\/categories?post=3646"},{"taxonomy":"post_tag","embeddable":true,"href":"https:\/\/nordesteimprensa.com.br\/index.php\/wp-json\/wp\/v2\/tags?post=3646"}],"curies":[{"name":"wp","href":"https:\/\/api.w.org\/{rel}","templated":true}]}}