{"id":3649,"date":"2023-07-26T10:37:26","date_gmt":"2023-07-26T13:37:26","guid":{"rendered":"https:\/\/nordesteimprensa.com.br\/?p=3649"},"modified":"2023-07-26T10:37:27","modified_gmt":"2023-07-26T13:37:27","slug":"corpo-e-encontrado-com-varias-perfuracoes-de-faca-em-rodovia-de-itabaiana","status":"publish","type":"post","link":"https:\/\/nordesteimprensa.com.br\/index.php\/2023\/07\/26\/corpo-e-encontrado-com-varias-perfuracoes-de-faca-em-rodovia-de-itabaiana\/","title":{"rendered":"Corpo \u00e9 encontrado com v\u00e1rias perfura\u00e7\u00f5es de faca em rodovia de Itabaiana"},"content":{"rendered":"\n<p>Na \u00faltima segunda-feira, 24, o corpo de um homem, de aproximadamente 50 anos, foi encontrado \u00e0s margens da rodovia estadual SE-170, no munic\u00edpio de Itabaiana.<\/p>\n\n\n\n<p>De acordo com a Pol\u00edcia Militar, no corpo havia v\u00e1rias marcas de perfura\u00e7\u00e3o de faca, na regi\u00e3o das costas. A v\u00edtima, um homem branco, de bigode, estava usando uma capa de chuva para motociclistas.<\/p>\n\n\n\n<p>A PM n\u00e3o tem a identifica\u00e7\u00e3o e nem detalhes de como o crime teria acontecido. Uma equipe do Instituto M\u00e9dico Legal (IML) foi acionada para recolher o corpo.<\/p>\n\n\n\n<p>Quem tiver informa\u00e7\u00f5es que possam ajudar a pol\u00edcia nas investiga\u00e7\u00f5es, deve ligar para o Disque-Den\u00fancia 181. N\u00e3o \u00e9 preciso se identificar.<\/p>\n\n\n\n<p>Fonte: G1 SE<\/p>\n","protected":false},"excerpt":{"rendered":"<p>Na \u00faltima segunda-feira, 24, o corpo de um homem, de aproximadamente 50 anos, foi encontrado \u00e0s margens da rodovia estadual SE-170, no munic\u00edpio de Itabaiana. De acordo com a Pol\u00edcia Militar, no corpo havia v\u00e1rias marcas de perfura\u00e7\u00e3o de faca, na regi\u00e3o das costas. A v\u00edtima, um homem branco, de bigode, estava usando uma capa [&hellip;]<\/p>\n","protected":false},"author":1,"featured_media":3650,"comment_status":"open","ping_status":"open","sticky":false,"template":"","format":"standard","meta":{"footnotes":""},"categories":[10],"tags":[],"class_list":{"0":"post-3649","1":"post","2":"type-post","3":"status-publish","4":"format-standard","5":"has-post-thumbnail","7":"category-theme-features"},"_links":{"self":[{"href":"https:\/\/nordesteimprensa.com.br\/index.php\/wp-json\/wp\/v2\/posts\/3649","targetHints":{"allow":["GET"]}}],"collection":[{"href":"https:\/\/nordesteimprensa.com.br\/index.php\/wp-json\/wp\/v2\/posts"}],"about":[{"href":"https:\/\/nordesteimprensa.com.br\/index.php\/wp-json\/wp\/v2\/types\/post"}],"author":[{"embeddable":true,"href":"https:\/\/nordesteimprensa.com.br\/index.php\/wp-json\/wp\/v2\/users\/1"}],"replies":[{"embeddable":true,"href":"https:\/\/nordesteimprensa.com.br\/index.php\/wp-json\/wp\/v2\/comments?post=3649"}],"version-history":[{"count":1,"href":"https:\/\/nordesteimprensa.com.br\/index.php\/wp-json\/wp\/v2\/posts\/3649\/revisions"}],"predecessor-version":[{"id":3651,"href":"https:\/\/nordesteimprensa.com.br\/index.php\/wp-json\/wp\/v2\/posts\/3649\/revisions\/3651"}],"wp:featuredmedia":[{"embeddable":true,"href":"https:\/\/nordesteimprensa.com.br\/index.php\/wp-json\/wp\/v2\/media\/3650"}],"wp:attachment":[{"href":"https:\/\/nordesteimprensa.com.br\/index.php\/wp-json\/wp\/v2\/media?parent=3649"}],"wp:term":[{"taxonomy":"category","embeddable":true,"href":"https:\/\/nordesteimprensa.com.br\/index.php\/wp-json\/wp\/v2\/categories?post=3649"},{"taxonomy":"post_tag","embeddable":true,"href":"https:\/\/nordesteimprensa.com.br\/index.php\/wp-json\/wp\/v2\/tags?post=3649"}],"curies":[{"name":"wp","href":"https:\/\/api.w.org\/{rel}","templated":true}]}}