{"id":3652,"date":"2023-07-26T10:38:46","date_gmt":"2023-07-26T13:38:46","guid":{"rendered":"https:\/\/nordesteimprensa.com.br\/?p=3652"},"modified":"2023-07-26T10:38:47","modified_gmt":"2023-07-26T13:38:47","slug":"transporte-universitario-gratuito-e-mais-uma-das-bandeiras-do-deputado-icaro-de-valmir-em-brasilia","status":"publish","type":"post","link":"https:\/\/nordesteimprensa.com.br\/index.php\/2023\/07\/26\/transporte-universitario-gratuito-e-mais-uma-das-bandeiras-do-deputado-icaro-de-valmir-em-brasilia\/","title":{"rendered":"Transporte universit\u00e1rio gratuito \u00e9 mais uma das bandeiras do deputado Icaro de Valmir em Bras\u00edlia"},"content":{"rendered":"\n<p>O deputado federal por Sergipe, Icaro de Valmir (PL\/SE), apresenta a proposta de criar a Frente Parlamentar em Defesa do Transporte Universit\u00e1rio Gratuito. Com requerimento feito \u00e0 C\u00e2mara Federal no in\u00edcio de julho, o parlamentar j\u00e1 busca recolher as assinaturas e os apoios necess\u00e1rios. Para Icaro &#8220;O que me motivou foi conhecer v\u00e1rios casos de pessoas que estudaram muito, se esfor\u00e7aram para conseguir sua vaga na universidade, mas que por morarem no interior do estado e as suas fam\u00edlias n\u00e3o conseguirem arcar com o transporte, precisaram abandonar o curso&#8221;.<\/p>\n\n\n\n<p>&#8220;Algumas cidades possuem associa\u00e7\u00f5es de transporte para universit\u00e1rios, mas algumas delas ainda contam com um pre\u00e7o alto nas mensalidades, o que inviabiliza a perman\u00eancia de centenas de alunos de baixa renda. \u00c9 por eles que eu quero lutar. Acredito que s\u00f3 pela educa\u00e7\u00e3o a gente pode vencer, pode melhorar o nosso pa\u00eds e a nossa vida. Quero dar essa oportunidade aos jovens que precisam se deslocar todos os dias do interior para as capitais para estudar&#8221;, declarou o parlamentar.<\/p>\n\n\n\n<p>Segundo texto do requerimento apresentado pelo deputado, a Frente Parlamentar visa &#8220;a promo\u00e7\u00e3o de legisla\u00e7\u00e3o e pol\u00edticas p\u00fablicas que possibilitem o<br>transporte gratuito de estudantes universit\u00e1rios, com foco naqueles que residem em<br>pequenos munic\u00edpios e se encontram em estado de vulnerabilidade social&#8221;.<\/p>\n\n\n\n<p>&#8220;Sei que esse n\u00e3o \u00e9 um problema exclusivo de Sergipe. V\u00e1rios outros estados brasileiros, principalmente aqui no Nordeste, enfrentam esse problema. Nosso objetivo \u00e9 dar as condi\u00e7\u00f5es para que os alunos estudem, se aprimorem, busquem o desenvolvimento que s\u00f3 \u00e9 poss\u00edvel por meio da educa\u00e7\u00e3o&#8221;, finalizou Icaro.<\/p>\n\n\n\n<p><br><\/p>\n\n\n\n<p><\/p>\n\n\n\n<p><\/p>\n\n\n\n<p><\/p>\n\n\n\n<p><\/p>\n","protected":false},"excerpt":{"rendered":"<p>O deputado federal por Sergipe, Icaro de Valmir (PL\/SE), apresenta a proposta de criar a Frente Parlamentar em Defesa do Transporte Universit\u00e1rio Gratuito. Com requerimento feito \u00e0 C\u00e2mara Federal no in\u00edcio de julho, o parlamentar j\u00e1 busca recolher as assinaturas e os apoios necess\u00e1rios. Para Icaro &#8220;O que me motivou foi conhecer v\u00e1rios casos de [&hellip;]<\/p>\n","protected":false},"author":1,"featured_media":3653,"comment_status":"open","ping_status":"open","sticky":false,"template":"","format":"standard","meta":{"footnotes":""},"categories":[10],"tags":[],"class_list":{"0":"post-3652","1":"post","2":"type-post","3":"status-publish","4":"format-standard","5":"has-post-thumbnail","7":"category-theme-features"},"_links":{"self":[{"href":"https:\/\/nordesteimprensa.com.br\/index.php\/wp-json\/wp\/v2\/posts\/3652","targetHints":{"allow":["GET"]}}],"collection":[{"href":"https:\/\/nordesteimprensa.com.br\/index.php\/wp-json\/wp\/v2\/posts"}],"about":[{"href":"https:\/\/nordesteimprensa.com.br\/index.php\/wp-json\/wp\/v2\/types\/post"}],"author":[{"embeddable":true,"href":"https:\/\/nordesteimprensa.com.br\/index.php\/wp-json\/wp\/v2\/users\/1"}],"replies":[{"embeddable":true,"href":"https:\/\/nordesteimprensa.com.br\/index.php\/wp-json\/wp\/v2\/comments?post=3652"}],"version-history":[{"count":1,"href":"https:\/\/nordesteimprensa.com.br\/index.php\/wp-json\/wp\/v2\/posts\/3652\/revisions"}],"predecessor-version":[{"id":3654,"href":"https:\/\/nordesteimprensa.com.br\/index.php\/wp-json\/wp\/v2\/posts\/3652\/revisions\/3654"}],"wp:featuredmedia":[{"embeddable":true,"href":"https:\/\/nordesteimprensa.com.br\/index.php\/wp-json\/wp\/v2\/media\/3653"}],"wp:attachment":[{"href":"https:\/\/nordesteimprensa.com.br\/index.php\/wp-json\/wp\/v2\/media?parent=3652"}],"wp:term":[{"taxonomy":"category","embeddable":true,"href":"https:\/\/nordesteimprensa.com.br\/index.php\/wp-json\/wp\/v2\/categories?post=3652"},{"taxonomy":"post_tag","embeddable":true,"href":"https:\/\/nordesteimprensa.com.br\/index.php\/wp-json\/wp\/v2\/tags?post=3652"}],"curies":[{"name":"wp","href":"https:\/\/api.w.org\/{rel}","templated":true}]}}