{"id":3659,"date":"2023-07-27T13:10:13","date_gmt":"2023-07-27T16:10:13","guid":{"rendered":"https:\/\/nordesteimprensa.com.br\/?p=3659"},"modified":"2023-07-27T13:10:14","modified_gmt":"2023-07-27T16:10:14","slug":"acao-conjunta-prende-investigados-por-roubo-de-carga-em-se-no-parana","status":"publish","type":"post","link":"https:\/\/nordesteimprensa.com.br\/index.php\/2023\/07\/27\/acao-conjunta-prende-investigados-por-roubo-de-carga-em-se-no-parana\/","title":{"rendered":"A\u00e7\u00e3o conjunta prende investigados por roubo de carga em SE no Paran\u00e1"},"content":{"rendered":"\n<p>Ap\u00f3s investiga\u00e7\u00f5es conduzidas por policiais civis sergipanos do Centro de Opera\u00e7\u00f5es Policiais Especiais (Cope), a Pol\u00edcia Militar do Paran\u00e1 cumpriu os mandados de pris\u00e3o preventiva de dois homens de 22 e 23 anos investigados pelos crimes de roubo, associa\u00e7\u00e3o criminosa e recepta\u00e7\u00e3o. A a\u00e7\u00e3o policial, que foi divulgada nesta quinta-feira, 27, ocorreu na cidade de Alto Paran\u00e1 (PR).<\/p>\n\n\n\n<p>Segundo as informa\u00e7\u00f5es policiais, os investigados articularam o roubo de uma carga de latic\u00ednios, vinda da cidade de Salvador (BA) com destino a Macei\u00f3 (AL). Conforme a apura\u00e7\u00e3o policial, a carga foi roubada em Umba\u00faba (SE), no \u00faltimo dia 10.<\/p>\n\n\n\n<p>No decorrer das investiga\u00e7\u00f5es, o Cope identificou a din\u00e2mica e as participa\u00e7\u00f5es dos envolvidos. Inclusive, foi localizada parte da carga na resid\u00eancia de um dos investigados.<\/p>\n\n\n\n<p>Com isso, o Poder Judici\u00e1rio decretou as pris\u00f5es dos dois investigados, que fugiram de Sergipe. Ao passarem pelo Paran\u00e1, a Pol\u00edcia Militar interceptou os investigados, conduzindo-os ao pres\u00eddio de Paranava\u00ed (PR).<\/p>\n\n\n\n<p>Fonte: SSP\/SE<\/p>\n","protected":false},"excerpt":{"rendered":"<p>Ap\u00f3s investiga\u00e7\u00f5es conduzidas por policiais civis sergipanos do Centro de Opera\u00e7\u00f5es Policiais Especiais (Cope), a Pol\u00edcia Militar do Paran\u00e1 cumpriu os mandados de pris\u00e3o preventiva de dois homens de 22 e 23 anos investigados pelos crimes de roubo, associa\u00e7\u00e3o criminosa e recepta\u00e7\u00e3o. A a\u00e7\u00e3o policial, que foi divulgada nesta quinta-feira, 27, ocorreu na cidade de [&hellip;]<\/p>\n","protected":false},"author":1,"featured_media":3660,"comment_status":"open","ping_status":"open","sticky":false,"template":"","format":"standard","meta":{"footnotes":""},"categories":[10],"tags":[],"class_list":{"0":"post-3659","1":"post","2":"type-post","3":"status-publish","4":"format-standard","5":"has-post-thumbnail","7":"category-theme-features"},"_links":{"self":[{"href":"https:\/\/nordesteimprensa.com.br\/index.php\/wp-json\/wp\/v2\/posts\/3659","targetHints":{"allow":["GET"]}}],"collection":[{"href":"https:\/\/nordesteimprensa.com.br\/index.php\/wp-json\/wp\/v2\/posts"}],"about":[{"href":"https:\/\/nordesteimprensa.com.br\/index.php\/wp-json\/wp\/v2\/types\/post"}],"author":[{"embeddable":true,"href":"https:\/\/nordesteimprensa.com.br\/index.php\/wp-json\/wp\/v2\/users\/1"}],"replies":[{"embeddable":true,"href":"https:\/\/nordesteimprensa.com.br\/index.php\/wp-json\/wp\/v2\/comments?post=3659"}],"version-history":[{"count":1,"href":"https:\/\/nordesteimprensa.com.br\/index.php\/wp-json\/wp\/v2\/posts\/3659\/revisions"}],"predecessor-version":[{"id":3661,"href":"https:\/\/nordesteimprensa.com.br\/index.php\/wp-json\/wp\/v2\/posts\/3659\/revisions\/3661"}],"wp:featuredmedia":[{"embeddable":true,"href":"https:\/\/nordesteimprensa.com.br\/index.php\/wp-json\/wp\/v2\/media\/3660"}],"wp:attachment":[{"href":"https:\/\/nordesteimprensa.com.br\/index.php\/wp-json\/wp\/v2\/media?parent=3659"}],"wp:term":[{"taxonomy":"category","embeddable":true,"href":"https:\/\/nordesteimprensa.com.br\/index.php\/wp-json\/wp\/v2\/categories?post=3659"},{"taxonomy":"post_tag","embeddable":true,"href":"https:\/\/nordesteimprensa.com.br\/index.php\/wp-json\/wp\/v2\/tags?post=3659"}],"curies":[{"name":"wp","href":"https:\/\/api.w.org\/{rel}","templated":true}]}}