{"id":3671,"date":"2023-07-28T13:48:26","date_gmt":"2023-07-28T16:48:26","guid":{"rendered":"https:\/\/nordesteimprensa.com.br\/?p=3671"},"modified":"2023-07-28T13:49:08","modified_gmt":"2023-07-28T16:49:08","slug":"cristinapolis-realiza-formacao-continuada-2023-para-educadores-do-municipio","status":"publish","type":"post","link":"https:\/\/nordesteimprensa.com.br\/index.php\/2023\/07\/28\/cristinapolis-realiza-formacao-continuada-2023-para-educadores-do-municipio\/","title":{"rendered":"Cristin\u00e1polis realiza Forma\u00e7\u00e3o Continuada 2023 para educadores do munic\u00edpio"},"content":{"rendered":"\n<p>A Secretaria Municipal de Educa\u00e7\u00e3o de Cristin\u00e1polis anunciou nesta sexta-feira, 28, a Forma\u00e7\u00e3o Continuada 2023, com o tema &#8220;Projeto de vida, Educa\u00e7\u00e3o Empreendedora e Financeira: Integra\u00e7\u00e3o da teoria com a pr\u00e1tica&#8221;.<\/p>\n\n\n\n<p>De acordo com a pasta, professor(a), diretor(a) ou coordenador(a) da Educa\u00e7\u00e3o de Jovens e Adultos poder\u00e3o participar do evento, que dar\u00e1 a oportunidade de aprimorar conhecimentos.<\/p>\n\n\n\n<p>A Forma\u00e7\u00e3o Continuada acontecer\u00e1 neste s\u00e1bado, 29, \u00e0s 8h, na E.M.E.F. Educa\u00e7\u00e3o Maria Nilza de Souza M. Lira.<\/p>\n\n\n\n<p>Ainda segundo a gest\u00e3o municipal, o evento ser\u00e1 realizado em parceria com o Servi\u00e7o Brasileiro de Apoio \u00e0s Micro e Pequenas Empresas (Sebrae).<\/p>\n\n\n\n<p><br><\/p>\n\n\n\n<p><\/p>\n\n\n\n<p><\/p>\n\n\n\n<p><\/p>\n\n\n\n<p><\/p>\n","protected":false},"excerpt":{"rendered":"<p>A Secretaria Municipal de Educa\u00e7\u00e3o de Cristin\u00e1polis anunciou nesta sexta-feira, 28, a Forma\u00e7\u00e3o Continuada 2023, com o tema &#8220;Projeto de vida, Educa\u00e7\u00e3o Empreendedora e Financeira: Integra\u00e7\u00e3o da teoria com a pr\u00e1tica&#8221;. De acordo com a pasta, professor(a), diretor(a) ou coordenador(a) da Educa\u00e7\u00e3o de Jovens e Adultos poder\u00e3o participar do evento, que dar\u00e1 a oportunidade de [&hellip;]<\/p>\n","protected":false},"author":1,"featured_media":3674,"comment_status":"open","ping_status":"open","sticky":false,"template":"","format":"standard","meta":{"footnotes":""},"categories":[10],"tags":[],"class_list":{"0":"post-3671","1":"post","2":"type-post","3":"status-publish","4":"format-standard","5":"has-post-thumbnail","7":"category-theme-features"},"_links":{"self":[{"href":"https:\/\/nordesteimprensa.com.br\/index.php\/wp-json\/wp\/v2\/posts\/3671","targetHints":{"allow":["GET"]}}],"collection":[{"href":"https:\/\/nordesteimprensa.com.br\/index.php\/wp-json\/wp\/v2\/posts"}],"about":[{"href":"https:\/\/nordesteimprensa.com.br\/index.php\/wp-json\/wp\/v2\/types\/post"}],"author":[{"embeddable":true,"href":"https:\/\/nordesteimprensa.com.br\/index.php\/wp-json\/wp\/v2\/users\/1"}],"replies":[{"embeddable":true,"href":"https:\/\/nordesteimprensa.com.br\/index.php\/wp-json\/wp\/v2\/comments?post=3671"}],"version-history":[{"count":1,"href":"https:\/\/nordesteimprensa.com.br\/index.php\/wp-json\/wp\/v2\/posts\/3671\/revisions"}],"predecessor-version":[{"id":3673,"href":"https:\/\/nordesteimprensa.com.br\/index.php\/wp-json\/wp\/v2\/posts\/3671\/revisions\/3673"}],"wp:featuredmedia":[{"embeddable":true,"href":"https:\/\/nordesteimprensa.com.br\/index.php\/wp-json\/wp\/v2\/media\/3674"}],"wp:attachment":[{"href":"https:\/\/nordesteimprensa.com.br\/index.php\/wp-json\/wp\/v2\/media?parent=3671"}],"wp:term":[{"taxonomy":"category","embeddable":true,"href":"https:\/\/nordesteimprensa.com.br\/index.php\/wp-json\/wp\/v2\/categories?post=3671"},{"taxonomy":"post_tag","embeddable":true,"href":"https:\/\/nordesteimprensa.com.br\/index.php\/wp-json\/wp\/v2\/tags?post=3671"}],"curies":[{"name":"wp","href":"https:\/\/api.w.org\/{rel}","templated":true}]}}