{"id":3678,"date":"2023-07-30T11:00:00","date_gmt":"2023-07-30T14:00:00","guid":{"rendered":"https:\/\/nordesteimprensa.com.br\/?p=3678"},"modified":"2023-08-02T11:03:32","modified_gmt":"2023-08-02T14:03:32","slug":"motorista-perde-controle-de-veiculo-derruba-alambrado-e-bate-em-arvores-em-aracaju","status":"publish","type":"post","link":"https:\/\/nordesteimprensa.com.br\/index.php\/2023\/07\/30\/motorista-perde-controle-de-veiculo-derruba-alambrado-e-bate-em-arvores-em-aracaju\/","title":{"rendered":"Motorista perde controle de ve\u00edculo, derruba alambrado e bate em \u00e1rvores em Aracaju"},"content":{"rendered":"\n<p>O motorista de um carro perdeu o controle do ve\u00edculo, na Avenida In\u00e1cio Barbosa, na manh\u00e3 deste s\u00e1bado (29), derrubou o alambrado da \u00e1rea de uma empresa e se chocou contra \u00e1rvores. No carro tamb\u00e9m estava uma outra pessoa. Nenhum dos dois ficaram feridos.&nbsp;<\/p>\n\n\n\n<p>De acordo com a Pol\u00edcia Militar, o motorista perdeu o controle quando passou em alta velocidade por um quebra-molas no sentido Atalaia\/Aruana.&nbsp;<\/p>\n\n\n\n<p>Ainda segundo a PM, ele se recusou a fazer o teste do baf\u00f4metro. O ve\u00edculo foi recolhido por um guincho e o caso foi encaminhado a uma delegacia.&nbsp;<\/p>\n\n\n\n<p><br><\/p>\n\n\n\n<p><\/p>\n\n\n\n<p><\/p>\n\n\n\n<p><\/p>\n\n\n\n<p><\/p>\n","protected":false},"excerpt":{"rendered":"<p>O motorista de um carro perdeu o controle do ve\u00edculo, na Avenida In\u00e1cio Barbosa, na manh\u00e3 deste s\u00e1bado (29), derrubou o alambrado da \u00e1rea de uma empresa e se chocou contra \u00e1rvores. No carro tamb\u00e9m estava uma outra pessoa. Nenhum dos dois ficaram feridos.&nbsp; De acordo com a Pol\u00edcia Militar, o motorista perdeu o controle [&hellip;]<\/p>\n","protected":false},"author":1,"featured_media":3679,"comment_status":"open","ping_status":"open","sticky":false,"template":"","format":"standard","meta":{"footnotes":""},"categories":[10],"tags":[],"class_list":{"0":"post-3678","1":"post","2":"type-post","3":"status-publish","4":"format-standard","5":"has-post-thumbnail","7":"category-theme-features"},"_links":{"self":[{"href":"https:\/\/nordesteimprensa.com.br\/index.php\/wp-json\/wp\/v2\/posts\/3678","targetHints":{"allow":["GET"]}}],"collection":[{"href":"https:\/\/nordesteimprensa.com.br\/index.php\/wp-json\/wp\/v2\/posts"}],"about":[{"href":"https:\/\/nordesteimprensa.com.br\/index.php\/wp-json\/wp\/v2\/types\/post"}],"author":[{"embeddable":true,"href":"https:\/\/nordesteimprensa.com.br\/index.php\/wp-json\/wp\/v2\/users\/1"}],"replies":[{"embeddable":true,"href":"https:\/\/nordesteimprensa.com.br\/index.php\/wp-json\/wp\/v2\/comments?post=3678"}],"version-history":[{"count":1,"href":"https:\/\/nordesteimprensa.com.br\/index.php\/wp-json\/wp\/v2\/posts\/3678\/revisions"}],"predecessor-version":[{"id":3680,"href":"https:\/\/nordesteimprensa.com.br\/index.php\/wp-json\/wp\/v2\/posts\/3678\/revisions\/3680"}],"wp:featuredmedia":[{"embeddable":true,"href":"https:\/\/nordesteimprensa.com.br\/index.php\/wp-json\/wp\/v2\/media\/3679"}],"wp:attachment":[{"href":"https:\/\/nordesteimprensa.com.br\/index.php\/wp-json\/wp\/v2\/media?parent=3678"}],"wp:term":[{"taxonomy":"category","embeddable":true,"href":"https:\/\/nordesteimprensa.com.br\/index.php\/wp-json\/wp\/v2\/categories?post=3678"},{"taxonomy":"post_tag","embeddable":true,"href":"https:\/\/nordesteimprensa.com.br\/index.php\/wp-json\/wp\/v2\/tags?post=3678"}],"curies":[{"name":"wp","href":"https:\/\/api.w.org\/{rel}","templated":true}]}}