{"id":3687,"date":"2023-08-01T11:07:00","date_gmt":"2023-08-01T14:07:00","guid":{"rendered":"https:\/\/nordesteimprensa.com.br\/?p=3687"},"modified":"2023-08-02T11:11:31","modified_gmt":"2023-08-02T14:11:31","slug":"suspeito-de-estuprar-e-ameacar-adolescente-por-cinco-anos-e-preso","status":"publish","type":"post","link":"https:\/\/nordesteimprensa.com.br\/index.php\/2023\/08\/01\/suspeito-de-estuprar-e-ameacar-adolescente-por-cinco-anos-e-preso\/","title":{"rendered":"Suspeito de estuprar e amea\u00e7ar adolescente por cinco anos \u00e9 preso"},"content":{"rendered":"\n<p>Uma a\u00e7\u00e3o conjunta entre a Pol\u00edcia Civil e a Guarda Municipal de Ros\u00e1rio do Catete resultou no cumprimento de pris\u00e3o preventiva de um homem de 49 anos, suspeito por praticar estupro de vulner\u00e1vel durante um per\u00edodo de cinco anos. A deten\u00e7\u00e3o ocorreu na tarde desta ter\u00e7a-feira, 1\u00ba.<\/p>\n\n\n\n<p>Segundo as investiga\u00e7\u00f5es, o suspeito teria abusado da v\u00edtima dos 12 aos 16 anos, sempre com emprego de for\u00e7a, mediante viol\u00eancia e grave amea\u00e7a de morte, sendo que a intimida\u00e7\u00e3o tamb\u00e9m era direcionada \u00e0 m\u00e3e da jovem.<\/p>\n\n\n\n<p>Al\u00e9m disso, o suspeito teria ci\u00fames da v\u00edtima, interferindo no seu modo de se vestir e proibia-a de namorar e ir \u00e0s festas. Em um situa\u00e7\u00e3o, inclusive, o investigado expulsou um namorado dela de dentro de casa e ofereceu a quantia de R$100,00 para que ela terminasse o relacionamento.&nbsp;Na \u00e9poca que se iniciaram os abusos, o homem tinha 37 anos.<\/p>\n\n\n\n<p>Na senten\u00e7a de primeiro grau, o suspeito foi condenado a&nbsp;16 anos, tr\u00eas meses e 27 dias de reclus\u00e3o, por estupro de vulner\u00e1vel, e um m\u00eas e quatro dias de deten\u00e7\u00e3o pelo crime de amea\u00e7a. Ao saber que estaria sendo investigado, o homem teria dito que, caso fosse preso, quando sa\u00edsse, mataria a m\u00e3e e a v\u00edtima.<\/p>\n\n\n\n<p>Diante desse fato, foi decretada a pris\u00e3o preventiva, pois o suspeito abusou do direito de liberdade em detrimento das v\u00edtimas e da coletividade, violando os direitos de propriedade e seguran\u00e7a p\u00fablica.<\/p>\n","protected":false},"excerpt":{"rendered":"<p>Uma a\u00e7\u00e3o conjunta entre a Pol\u00edcia Civil e a Guarda Municipal de Ros\u00e1rio do Catete resultou no cumprimento de pris\u00e3o preventiva de um homem de 49 anos, suspeito por praticar estupro de vulner\u00e1vel durante um per\u00edodo de cinco anos. A deten\u00e7\u00e3o ocorreu na tarde desta ter\u00e7a-feira, 1\u00ba. Segundo as investiga\u00e7\u00f5es, o suspeito teria abusado da [&hellip;]<\/p>\n","protected":false},"author":1,"featured_media":3688,"comment_status":"open","ping_status":"open","sticky":false,"template":"","format":"standard","meta":{"footnotes":""},"categories":[10],"tags":[],"class_list":{"0":"post-3687","1":"post","2":"type-post","3":"status-publish","4":"format-standard","5":"has-post-thumbnail","7":"category-theme-features"},"_links":{"self":[{"href":"https:\/\/nordesteimprensa.com.br\/index.php\/wp-json\/wp\/v2\/posts\/3687","targetHints":{"allow":["GET"]}}],"collection":[{"href":"https:\/\/nordesteimprensa.com.br\/index.php\/wp-json\/wp\/v2\/posts"}],"about":[{"href":"https:\/\/nordesteimprensa.com.br\/index.php\/wp-json\/wp\/v2\/types\/post"}],"author":[{"embeddable":true,"href":"https:\/\/nordesteimprensa.com.br\/index.php\/wp-json\/wp\/v2\/users\/1"}],"replies":[{"embeddable":true,"href":"https:\/\/nordesteimprensa.com.br\/index.php\/wp-json\/wp\/v2\/comments?post=3687"}],"version-history":[{"count":1,"href":"https:\/\/nordesteimprensa.com.br\/index.php\/wp-json\/wp\/v2\/posts\/3687\/revisions"}],"predecessor-version":[{"id":3689,"href":"https:\/\/nordesteimprensa.com.br\/index.php\/wp-json\/wp\/v2\/posts\/3687\/revisions\/3689"}],"wp:featuredmedia":[{"embeddable":true,"href":"https:\/\/nordesteimprensa.com.br\/index.php\/wp-json\/wp\/v2\/media\/3688"}],"wp:attachment":[{"href":"https:\/\/nordesteimprensa.com.br\/index.php\/wp-json\/wp\/v2\/media?parent=3687"}],"wp:term":[{"taxonomy":"category","embeddable":true,"href":"https:\/\/nordesteimprensa.com.br\/index.php\/wp-json\/wp\/v2\/categories?post=3687"},{"taxonomy":"post_tag","embeddable":true,"href":"https:\/\/nordesteimprensa.com.br\/index.php\/wp-json\/wp\/v2\/tags?post=3687"}],"curies":[{"name":"wp","href":"https:\/\/api.w.org\/{rel}","templated":true}]}}