{"id":3693,"date":"2023-07-31T11:10:00","date_gmt":"2023-07-31T14:10:00","guid":{"rendered":"https:\/\/nordesteimprensa.com.br\/?p=3693"},"modified":"2023-08-02T11:11:15","modified_gmt":"2023-08-02T14:11:15","slug":"facebook-e-condenado-a-pagar-r-20-milhoes-a-usuarios-no-brasil","status":"publish","type":"post","link":"https:\/\/nordesteimprensa.com.br\/index.php\/2023\/07\/31\/facebook-e-condenado-a-pagar-r-20-milhoes-a-usuarios-no-brasil\/","title":{"rendered":"Facebook \u00e9 condenado a pagar R$ 20 milh\u00f5es a usu\u00e1rios no Brasil"},"content":{"rendered":"\n<p>O&nbsp;Facebook&nbsp;foi condenado pela&nbsp;29\u00aa Vara C\u00edvel de Belo Horizonte&nbsp;a pagar&nbsp;R$ 20 milh\u00f5es&nbsp;em&nbsp;danos morais coletivos&nbsp;por problemas com&nbsp;vazamento de dados de usu\u00e1rios da rede, do Messenger e do aplicativo de mensagens&nbsp;WhatsApp. A empresa devever\u00e1 pagar ainda&nbsp;&nbsp;R$ 5 mil por danos morais individuais&nbsp;a cada usu\u00e1rio que comprovar que usava a&nbsp;rede social&nbsp;nos anos de 2018 e 2019. A&nbsp;Meta&nbsp;disse que ainda n\u00e3o foi formalmente comunicada sobre a&nbsp;senten\u00e7a&nbsp;e a empresa ainda poder\u00e1 recorrer&nbsp;da decis\u00e3o.<\/p>\n\n\n\n<p>Nos&nbsp;Estados Unidos,&nbsp;usu\u00e1rios do Facebook&nbsp; tamb\u00e9m podem requerer uma parte dos&nbsp;US$ 725 milh\u00f5es&nbsp;que a&nbsp;Meta&nbsp;concordou em pagar no fim de 2022 por conta de um processo semelhante no pa\u00eds.<\/p>\n\n\n\n<p>A&nbsp;Justi\u00e7a&nbsp;brasileira&nbsp;analisou&nbsp;duas a\u00e7\u00f5es civis p\u00fablicas&nbsp;do&nbsp;Instituto Defesa Coletiva, que foram protocoladas depois de uma s\u00e9rie de&nbsp;vazamentos de informa\u00e7\u00f5es pessoais dos internautas.&nbsp;O primeiro aconteceu em setembro de 2018, quando hackers conseguiram burlar a&nbsp;seguran\u00e7a do Facebook&nbsp;e acessar detalhes como nome, telefone e e-mail de&nbsp;15 milh\u00f5es de pessoas.<\/p>\n\n\n\n<p>A segunda a\u00e7\u00e3o foi protocolada em julho de 2020 e cita uma vulnerabilidade do&nbsp;aplicativo WhatsApp&nbsp;em maio de 2019, que permitiu que&nbsp;hackers&nbsp;instalassem programas para ter acesso aos dados dos celulares. O n\u00famero de&nbsp;usu\u00e1rios&nbsp;afetados n\u00e3o foi informado pela empresa.<\/p>\n\n\n\n<p>Na senten\u00e7a, o juiz da&nbsp;29\u00aa Vara C\u00edvel de Belo Horizonte,&nbsp;Jos\u00e9 Maur\u00edcio Cantarino Villela reconheceu que a responsabilidade pelas&nbsp;falhas de seguran\u00e7a do sistema&nbsp;\u00e9 da empresa&nbsp;Meta (dona do Facebook, Instagram, WhatsApp e Threads)&nbsp;. No entanto, ele julgou improcedentes os pedidos de medidas preventivas a novos ataques, segundo a advogada Lillian Salgado, presidente do Comit\u00ea T\u00e9cnico do Instituto Defesa Coletiva.<\/p>\n\n\n\n<p>Fonte: O Liberal<\/p>\n","protected":false},"excerpt":{"rendered":"<p>O&nbsp;Facebook&nbsp;foi condenado pela&nbsp;29\u00aa Vara C\u00edvel de Belo Horizonte&nbsp;a pagar&nbsp;R$ 20 milh\u00f5es&nbsp;em&nbsp;danos morais coletivos&nbsp;por problemas com&nbsp;vazamento de dados de usu\u00e1rios da rede, do Messenger e do aplicativo de mensagens&nbsp;WhatsApp. A empresa devever\u00e1 pagar ainda&nbsp;&nbsp;R$ 5 mil por danos morais individuais&nbsp;a cada usu\u00e1rio que comprovar que usava a&nbsp;rede social&nbsp;nos anos de 2018 e 2019. A&nbsp;Meta&nbsp;disse que ainda [&hellip;]<\/p>\n","protected":false},"author":1,"featured_media":3694,"comment_status":"open","ping_status":"open","sticky":false,"template":"","format":"standard","meta":{"footnotes":""},"categories":[10],"tags":[],"class_list":{"0":"post-3693","1":"post","2":"type-post","3":"status-publish","4":"format-standard","5":"has-post-thumbnail","7":"category-theme-features"},"_links":{"self":[{"href":"https:\/\/nordesteimprensa.com.br\/index.php\/wp-json\/wp\/v2\/posts\/3693","targetHints":{"allow":["GET"]}}],"collection":[{"href":"https:\/\/nordesteimprensa.com.br\/index.php\/wp-json\/wp\/v2\/posts"}],"about":[{"href":"https:\/\/nordesteimprensa.com.br\/index.php\/wp-json\/wp\/v2\/types\/post"}],"author":[{"embeddable":true,"href":"https:\/\/nordesteimprensa.com.br\/index.php\/wp-json\/wp\/v2\/users\/1"}],"replies":[{"embeddable":true,"href":"https:\/\/nordesteimprensa.com.br\/index.php\/wp-json\/wp\/v2\/comments?post=3693"}],"version-history":[{"count":1,"href":"https:\/\/nordesteimprensa.com.br\/index.php\/wp-json\/wp\/v2\/posts\/3693\/revisions"}],"predecessor-version":[{"id":3695,"href":"https:\/\/nordesteimprensa.com.br\/index.php\/wp-json\/wp\/v2\/posts\/3693\/revisions\/3695"}],"wp:featuredmedia":[{"embeddable":true,"href":"https:\/\/nordesteimprensa.com.br\/index.php\/wp-json\/wp\/v2\/media\/3694"}],"wp:attachment":[{"href":"https:\/\/nordesteimprensa.com.br\/index.php\/wp-json\/wp\/v2\/media?parent=3693"}],"wp:term":[{"taxonomy":"category","embeddable":true,"href":"https:\/\/nordesteimprensa.com.br\/index.php\/wp-json\/wp\/v2\/categories?post=3693"},{"taxonomy":"post_tag","embeddable":true,"href":"https:\/\/nordesteimprensa.com.br\/index.php\/wp-json\/wp\/v2\/tags?post=3693"}],"curies":[{"name":"wp","href":"https:\/\/api.w.org\/{rel}","templated":true}]}}