{"id":3700,"date":"2023-08-03T19:32:37","date_gmt":"2023-08-03T22:32:37","guid":{"rendered":"https:\/\/nordesteimprensa.com.br\/?p=3700"},"modified":"2023-08-03T19:32:38","modified_gmt":"2023-08-03T22:32:38","slug":"peixes-aparecem-mortos-no-rio-piaui-em-estancia-e-pescadores-relatam-mau-cheiro-da-agua","status":"publish","type":"post","link":"https:\/\/nordesteimprensa.com.br\/index.php\/2023\/08\/03\/peixes-aparecem-mortos-no-rio-piaui-em-estancia-e-pescadores-relatam-mau-cheiro-da-agua\/","title":{"rendered":"Peixes aparecem mortos no Rio Piau\u00ed em Est\u00e2ncia e pescadores relatam mau cheiro da \u00e1gua"},"content":{"rendered":"\n<p>Nesta quinta-feira (3), as margens do Rio Piau\u00ed, na regi\u00e3o do munic\u00edpio de&nbsp;<a class=\"\" href=\"https:\/\/g1.globo.com\/se\/sergipe\/cidade\/estancia\/\">Est\u00e2ncia<\/a>, ficaram cheias de peixes mortos. Pescadores relataram que a \u00e1gua apresenta mau cheiro. Eles acreditam que o rio est\u00e1 contaminado. A Secretaria de Meio Ambiente do munic\u00edpio de Est\u00e2ncia est\u00e1 acompanhando o caso.&nbsp;<\/p>\n\n\n\n<p>De acordo com o secret\u00e1rio Joubert Denner Santos Oliveira, os primeiros relatos foram registrados na semana passada e, desde ent\u00e3o, equipes iniciaram o monitoramento.&nbsp;<\/p>\n\n\n\n<p>\u201cColetamos amostras e as primeiras an\u00e1lises apontam para redu\u00e7\u00e3o do oxig\u00eanio na \u00e1gua. A suspeita \u00e9 de polui\u00e7\u00e3o h\u00eddrica. Vamos oficiar outros \u00f3rg\u00e3os ambientais para que, de forma conjunta, possamos identificar o que est\u00e1 acontecendo e punir os respons\u00e1veis, se houver\u201d, disse o secret\u00e1rio.&nbsp;<\/p>\n\n\n\n<p>O Rio Piau\u00ed des\u00e1gua no Oceano Atl\u00e2ntico, na regi\u00e3o da Praia do Saco, junto com o Rio Real. Os munic\u00edpios de Lagarto, Tobias Barreto, Sim\u00e3o Dias, Riach\u00e3o do Dantas, Salgado, Itaporanga D&#8217;Ajuda, Boquim, Pedrinhas, Arau\u00e1, Santa Luzia do Itanhy, Umba\u00faba, Itabaianinha, Tomar do Geru e Indiaroba tamb\u00e9m s\u00e3o integrantes da Bacia Hidrogr\u00e1fica do Rio Piau\u00ed.<\/p>\n\n\n\n<p>Fonte: G1 SE<\/p>\n\n\n\n<p><br><\/p>\n\n\n\n<p><\/p>\n\n\n\n<p><\/p>\n\n\n\n<p><\/p>\n\n\n\n<p><\/p>\n\n\n\n<p><\/p>\n","protected":false},"excerpt":{"rendered":"<p>Nesta quinta-feira (3), as margens do Rio Piau\u00ed, na regi\u00e3o do munic\u00edpio de&nbsp;Est\u00e2ncia, ficaram cheias de peixes mortos. Pescadores relataram que a \u00e1gua apresenta mau cheiro. Eles acreditam que o rio est\u00e1 contaminado. A Secretaria de Meio Ambiente do munic\u00edpio de Est\u00e2ncia est\u00e1 acompanhando o caso.&nbsp; De acordo com o secret\u00e1rio Joubert Denner Santos Oliveira, [&hellip;]<\/p>\n","protected":false},"author":1,"featured_media":3701,"comment_status":"open","ping_status":"open","sticky":false,"template":"","format":"standard","meta":{"footnotes":""},"categories":[10],"tags":[],"class_list":{"0":"post-3700","1":"post","2":"type-post","3":"status-publish","4":"format-standard","5":"has-post-thumbnail","7":"category-theme-features"},"_links":{"self":[{"href":"https:\/\/nordesteimprensa.com.br\/index.php\/wp-json\/wp\/v2\/posts\/3700","targetHints":{"allow":["GET"]}}],"collection":[{"href":"https:\/\/nordesteimprensa.com.br\/index.php\/wp-json\/wp\/v2\/posts"}],"about":[{"href":"https:\/\/nordesteimprensa.com.br\/index.php\/wp-json\/wp\/v2\/types\/post"}],"author":[{"embeddable":true,"href":"https:\/\/nordesteimprensa.com.br\/index.php\/wp-json\/wp\/v2\/users\/1"}],"replies":[{"embeddable":true,"href":"https:\/\/nordesteimprensa.com.br\/index.php\/wp-json\/wp\/v2\/comments?post=3700"}],"version-history":[{"count":1,"href":"https:\/\/nordesteimprensa.com.br\/index.php\/wp-json\/wp\/v2\/posts\/3700\/revisions"}],"predecessor-version":[{"id":3702,"href":"https:\/\/nordesteimprensa.com.br\/index.php\/wp-json\/wp\/v2\/posts\/3700\/revisions\/3702"}],"wp:featuredmedia":[{"embeddable":true,"href":"https:\/\/nordesteimprensa.com.br\/index.php\/wp-json\/wp\/v2\/media\/3701"}],"wp:attachment":[{"href":"https:\/\/nordesteimprensa.com.br\/index.php\/wp-json\/wp\/v2\/media?parent=3700"}],"wp:term":[{"taxonomy":"category","embeddable":true,"href":"https:\/\/nordesteimprensa.com.br\/index.php\/wp-json\/wp\/v2\/categories?post=3700"},{"taxonomy":"post_tag","embeddable":true,"href":"https:\/\/nordesteimprensa.com.br\/index.php\/wp-json\/wp\/v2\/tags?post=3700"}],"curies":[{"name":"wp","href":"https:\/\/api.w.org\/{rel}","templated":true}]}}