{"id":3711,"date":"2023-08-04T10:30:30","date_gmt":"2023-08-04T13:30:30","guid":{"rendered":"https:\/\/nordesteimprensa.com.br\/?p=3711"},"modified":"2023-08-04T10:30:31","modified_gmt":"2023-08-04T13:30:31","slug":"prefeitura-de-cristinapolis-ofertara-programa-saude-escola-a-partir-da-proxima-quarta","status":"publish","type":"post","link":"https:\/\/nordesteimprensa.com.br\/index.php\/2023\/08\/04\/prefeitura-de-cristinapolis-ofertara-programa-saude-escola-a-partir-da-proxima-quarta\/","title":{"rendered":"Prefeitura de Cristin\u00e1polis ofertar\u00e1 Programa Sa\u00fade Escola a partir da pr\u00f3xima quarta"},"content":{"rendered":"\n<p>A prefeitura de Cristin\u00e1polis anunciou que as Secretarias Municipais de Sa\u00fade e Educa\u00e7\u00e3o ofertar\u00e3o o &#8220;Programa Sa\u00fade Escola&#8221;, em algumas escolas da cidade.<\/p>\n\n\n\n<p>Segundo a gest\u00e3o, o programa acontecer\u00e1 nos dias 9 e 16 de agosto, com o objetivo de promover a sa\u00fade e o bem-estar dos estudantes.<\/p>\n\n\n\n<p>Para garantir a vacina\u00e7\u00e3o das crian\u00e7as, \u00e9 importante apresentar o Termo de Autoriza\u00e7\u00e3o dos Respons\u00e1veis (disponibilizado nas escolas), o Cart\u00e3o de Vacina\u00e7\u00e3o e o Cart\u00e3o do SUS ou CPF.<\/p>\n\n\n\n<p>Confira a programa\u00e7\u00e3o completa:<\/p>\n\n\n\n<p>E.M.E.F Prefeito Eliseu Santos 09\/08<br>\u2022 sa\u00fade auditiva e ocular<br>\u2022 promo\u00e7\u00e3o e avalia\u00e7\u00e3o da sa\u00fade bucal<br>(escova\u00e7\u00e3o supervisionada e aplica\u00e7\u00e3o de fl\u00faor)<\/p>\n\n\n\n<p>E.M.E.F Professor e Jornalista Luiz Ant\u00f4nio Barreto 09\/08<br>\u2022 sa\u00fade auditiva e ocular<br>\u2022 promo\u00e7\u00e3o e avalia\u00e7\u00e3o da sa\u00fade bucal<br>(escova\u00e7\u00e3o supervisionada e aplica\u00e7\u00e3o de fl\u00faor)<\/p>\n\n\n\n<p>E.M.E.F Luzia Bastos do Esp\u00edrito Santo 16\/08<br>\u2022 sa\u00fade auditiva e ocular<br>\u2022 promo\u00e7\u00e3o e avalia\u00e7\u00e3o da sa\u00fade bucal<br>(escova\u00e7\u00e3o supervisionada e aplica\u00e7\u00e3o de fl\u00faor)<\/p>\n\n\n\n<p>E.M.E.F Educadora Maria Nilza 16\/08<br>\u2022 palestra: obesidade infantil e antropometria<br>\u2022 avalia\u00e7\u00e3o e promo\u00e7\u00e3o de sa\u00fade bucal<br>(escova\u00e7\u00e3o supervisionada e aplica\u00e7\u00e3o de fl\u00faor)<br>\u00b0 verifica\u00e7\u00e3o de situa\u00e7ao vacinal<\/p>\n\n\n\n<p><br><\/p>\n\n\n\n<p><\/p>\n\n\n\n<p><\/p>\n\n\n\n<p><\/p>\n\n\n\n<p><\/p>\n\n\n\n<p><\/p>\n","protected":false},"excerpt":{"rendered":"<p>A prefeitura de Cristin\u00e1polis anunciou que as Secretarias Municipais de Sa\u00fade e Educa\u00e7\u00e3o ofertar\u00e3o o &#8220;Programa Sa\u00fade Escola&#8221;, em algumas escolas da cidade. Segundo a gest\u00e3o, o programa acontecer\u00e1 nos dias 9 e 16 de agosto, com o objetivo de promover a sa\u00fade e o bem-estar dos estudantes. Para garantir a vacina\u00e7\u00e3o das crian\u00e7as, \u00e9 [&hellip;]<\/p>\n","protected":false},"author":1,"featured_media":3712,"comment_status":"open","ping_status":"open","sticky":false,"template":"","format":"standard","meta":{"footnotes":""},"categories":[10],"tags":[],"class_list":{"0":"post-3711","1":"post","2":"type-post","3":"status-publish","4":"format-standard","5":"has-post-thumbnail","7":"category-theme-features"},"_links":{"self":[{"href":"https:\/\/nordesteimprensa.com.br\/index.php\/wp-json\/wp\/v2\/posts\/3711","targetHints":{"allow":["GET"]}}],"collection":[{"href":"https:\/\/nordesteimprensa.com.br\/index.php\/wp-json\/wp\/v2\/posts"}],"about":[{"href":"https:\/\/nordesteimprensa.com.br\/index.php\/wp-json\/wp\/v2\/types\/post"}],"author":[{"embeddable":true,"href":"https:\/\/nordesteimprensa.com.br\/index.php\/wp-json\/wp\/v2\/users\/1"}],"replies":[{"embeddable":true,"href":"https:\/\/nordesteimprensa.com.br\/index.php\/wp-json\/wp\/v2\/comments?post=3711"}],"version-history":[{"count":1,"href":"https:\/\/nordesteimprensa.com.br\/index.php\/wp-json\/wp\/v2\/posts\/3711\/revisions"}],"predecessor-version":[{"id":3713,"href":"https:\/\/nordesteimprensa.com.br\/index.php\/wp-json\/wp\/v2\/posts\/3711\/revisions\/3713"}],"wp:featuredmedia":[{"embeddable":true,"href":"https:\/\/nordesteimprensa.com.br\/index.php\/wp-json\/wp\/v2\/media\/3712"}],"wp:attachment":[{"href":"https:\/\/nordesteimprensa.com.br\/index.php\/wp-json\/wp\/v2\/media?parent=3711"}],"wp:term":[{"taxonomy":"category","embeddable":true,"href":"https:\/\/nordesteimprensa.com.br\/index.php\/wp-json\/wp\/v2\/categories?post=3711"},{"taxonomy":"post_tag","embeddable":true,"href":"https:\/\/nordesteimprensa.com.br\/index.php\/wp-json\/wp\/v2\/tags?post=3711"}],"curies":[{"name":"wp","href":"https:\/\/api.w.org\/{rel}","templated":true}]}}