{"id":3714,"date":"2023-08-04T15:11:34","date_gmt":"2023-08-04T18:11:34","guid":{"rendered":"https:\/\/nordesteimprensa.com.br\/?p=3714"},"modified":"2023-08-04T15:11:34","modified_gmt":"2023-08-04T18:11:34","slug":"motociclista-morre-apos-se-envolver-em-colisao-com-viatura-da-pm","status":"publish","type":"post","link":"https:\/\/nordesteimprensa.com.br\/index.php\/2023\/08\/04\/motociclista-morre-apos-se-envolver-em-colisao-com-viatura-da-pm\/","title":{"rendered":"Motociclista morre ap\u00f3s se envolver em colis\u00e3o com viatura da PM"},"content":{"rendered":"\n<p>Na noite da \u00faltima quinta-feira, 03, um motociclista morreu ap\u00f3s se envolver numa colis\u00e3o com uma viatura da Pol\u00edcia Militar, na cidade de Nossa Senhora Aparecida. Segundo a Secretaria da Seguran\u00e7a P\u00fablica de Sergipe (SSP-SE), a viatura estava apoiando a equipe da FPI \u2013 Fiscaliza\u00e7\u00e3o Preventiva Integrada, a\u00e7\u00e3o que re\u00fane v\u00e1rios \u00f3rg\u00e3os para identificar problemas ambientais na Bacia do Rio S\u00e3o Francisco.<\/p>\n\n\n\n<p>Segundo testemunhas, a viatura seguia pela SE-230 (Rota do Sert\u00e3o) em dire\u00e7\u00e3o ao munic\u00edpio de Ribeir\u00f3polis, quando o acidente aconteceu. A SSP informou que as informa\u00e7\u00f5es iniciais s\u00e3o de que o motociclista atravessou na frente na viatura.<\/p>\n\n\n\n<p>Policiais militares isolaram a \u00e1rea. O Instituto M\u00e9dico Legal (IML) foi acionado para recolher o corpo.<\/p>\n\n\n\n<p>Fonte: G1 SE<\/p>\n","protected":false},"excerpt":{"rendered":"<p>Na noite da \u00faltima quinta-feira, 03, um motociclista morreu ap\u00f3s se envolver numa colis\u00e3o com uma viatura da Pol\u00edcia Militar, na cidade de Nossa Senhora Aparecida. Segundo a Secretaria da Seguran\u00e7a P\u00fablica de Sergipe (SSP-SE), a viatura estava apoiando a equipe da FPI \u2013 Fiscaliza\u00e7\u00e3o Preventiva Integrada, a\u00e7\u00e3o que re\u00fane v\u00e1rios \u00f3rg\u00e3os para identificar problemas [&hellip;]<\/p>\n","protected":false},"author":1,"featured_media":3715,"comment_status":"open","ping_status":"open","sticky":false,"template":"","format":"standard","meta":{"footnotes":""},"categories":[10],"tags":[],"class_list":{"0":"post-3714","1":"post","2":"type-post","3":"status-publish","4":"format-standard","5":"has-post-thumbnail","7":"category-theme-features"},"_links":{"self":[{"href":"https:\/\/nordesteimprensa.com.br\/index.php\/wp-json\/wp\/v2\/posts\/3714","targetHints":{"allow":["GET"]}}],"collection":[{"href":"https:\/\/nordesteimprensa.com.br\/index.php\/wp-json\/wp\/v2\/posts"}],"about":[{"href":"https:\/\/nordesteimprensa.com.br\/index.php\/wp-json\/wp\/v2\/types\/post"}],"author":[{"embeddable":true,"href":"https:\/\/nordesteimprensa.com.br\/index.php\/wp-json\/wp\/v2\/users\/1"}],"replies":[{"embeddable":true,"href":"https:\/\/nordesteimprensa.com.br\/index.php\/wp-json\/wp\/v2\/comments?post=3714"}],"version-history":[{"count":1,"href":"https:\/\/nordesteimprensa.com.br\/index.php\/wp-json\/wp\/v2\/posts\/3714\/revisions"}],"predecessor-version":[{"id":3716,"href":"https:\/\/nordesteimprensa.com.br\/index.php\/wp-json\/wp\/v2\/posts\/3714\/revisions\/3716"}],"wp:featuredmedia":[{"embeddable":true,"href":"https:\/\/nordesteimprensa.com.br\/index.php\/wp-json\/wp\/v2\/media\/3715"}],"wp:attachment":[{"href":"https:\/\/nordesteimprensa.com.br\/index.php\/wp-json\/wp\/v2\/media?parent=3714"}],"wp:term":[{"taxonomy":"category","embeddable":true,"href":"https:\/\/nordesteimprensa.com.br\/index.php\/wp-json\/wp\/v2\/categories?post=3714"},{"taxonomy":"post_tag","embeddable":true,"href":"https:\/\/nordesteimprensa.com.br\/index.php\/wp-json\/wp\/v2\/tags?post=3714"}],"curies":[{"name":"wp","href":"https:\/\/api.w.org\/{rel}","templated":true}]}}