{"id":3723,"date":"2023-08-07T10:16:19","date_gmt":"2023-08-07T13:16:19","guid":{"rendered":"https:\/\/nordesteimprensa.com.br\/?p=3723"},"modified":"2023-08-07T10:16:20","modified_gmt":"2023-08-07T13:16:20","slug":"mulher-morre-apos-veiculo-derrapar-em-poca-de-agua-capotar-e-bater-em-arvore-no-municipio-de-cristinapolis","status":"publish","type":"post","link":"https:\/\/nordesteimprensa.com.br\/index.php\/2023\/08\/07\/mulher-morre-apos-veiculo-derrapar-em-poca-de-agua-capotar-e-bater-em-arvore-no-municipio-de-cristinapolis\/","title":{"rendered":"Mulher morre ap\u00f3s ve\u00edculo derrapar em po\u00e7a de \u00e1gua, capotar e bater em \u00e1rvore no munic\u00edpio de Cristin\u00e1polis\u00a0"},"content":{"rendered":"\n<p><br><\/p>\n\n\n\n<p>Uma mulher de 56 anos, identificada como Roselene Maria Vieira Santos, morreu nesse domingo (6), ap\u00f3s a caminhonete em que ela estava derrapar em uma po\u00e7a de \u00e1gua, capotar e bater em uma \u00e1rvore, na BR-101, no Povoado Taboa, munic\u00edpio de&nbsp;<a class=\"\" href=\"https:\/\/g1.globo.com\/se\/sergipe\/cidade\/cristinapolis\/\">Cristin\u00e1polis<\/a>. Al\u00e9m dela, no ve\u00edculo estavam outros quatro ocupantes, sendo dois, crian\u00e7as. O caso foi registrado pela Pol\u00edcia Rodovi\u00e1ria Federal.&nbsp;<\/p>\n\n\n\n<p>Segundo a fam\u00edlia, todos os feridos foram socorridos, receberam atendimento m\u00e9dico e foram liberados. Um dos adultos, que ficou em estado grave, continua internado nesta segunda (7) em uma unidade de terapia intensiva (UTI) de uma unidade de sa\u00fade.&nbsp;<\/p>\n\n\n\n<p>A mulher ficou presa \u00e0s ferragens e teve o corpo retirado por uma equipe do Corpo de Bombeiros.&nbsp;<\/p>\n\n\n\n<p>O corpo dela foi recolhido pelo Instituto M\u00e9dico Legal (IML), foi liberado no final da noite desse domingo e est\u00e1 sendo velado no Cemit\u00e9rio Colina da Saudade, em Aracaju. O sepultamento ocorre \u00e0s 15h. Ela deixa marido, quatro filhos e netos.<\/p>\n\n\n\n<p><\/p>\n\n\n\n<p><\/p>\n\n\n\n<p><\/p>\n\n\n\n<p><\/p>\n\n\n\n<p><\/p>\n","protected":false},"excerpt":{"rendered":"<p>Uma mulher de 56 anos, identificada como Roselene Maria Vieira Santos, morreu nesse domingo (6), ap\u00f3s a caminhonete em que ela estava derrapar em uma po\u00e7a de \u00e1gua, capotar e bater em uma \u00e1rvore, na BR-101, no Povoado Taboa, munic\u00edpio de&nbsp;Cristin\u00e1polis. Al\u00e9m dela, no ve\u00edculo estavam outros quatro ocupantes, sendo dois, crian\u00e7as. O caso foi [&hellip;]<\/p>\n","protected":false},"author":1,"featured_media":3724,"comment_status":"open","ping_status":"open","sticky":false,"template":"","format":"standard","meta":{"footnotes":""},"categories":[10],"tags":[],"class_list":{"0":"post-3723","1":"post","2":"type-post","3":"status-publish","4":"format-standard","5":"has-post-thumbnail","7":"category-theme-features"},"_links":{"self":[{"href":"https:\/\/nordesteimprensa.com.br\/index.php\/wp-json\/wp\/v2\/posts\/3723","targetHints":{"allow":["GET"]}}],"collection":[{"href":"https:\/\/nordesteimprensa.com.br\/index.php\/wp-json\/wp\/v2\/posts"}],"about":[{"href":"https:\/\/nordesteimprensa.com.br\/index.php\/wp-json\/wp\/v2\/types\/post"}],"author":[{"embeddable":true,"href":"https:\/\/nordesteimprensa.com.br\/index.php\/wp-json\/wp\/v2\/users\/1"}],"replies":[{"embeddable":true,"href":"https:\/\/nordesteimprensa.com.br\/index.php\/wp-json\/wp\/v2\/comments?post=3723"}],"version-history":[{"count":1,"href":"https:\/\/nordesteimprensa.com.br\/index.php\/wp-json\/wp\/v2\/posts\/3723\/revisions"}],"predecessor-version":[{"id":3725,"href":"https:\/\/nordesteimprensa.com.br\/index.php\/wp-json\/wp\/v2\/posts\/3723\/revisions\/3725"}],"wp:featuredmedia":[{"embeddable":true,"href":"https:\/\/nordesteimprensa.com.br\/index.php\/wp-json\/wp\/v2\/media\/3724"}],"wp:attachment":[{"href":"https:\/\/nordesteimprensa.com.br\/index.php\/wp-json\/wp\/v2\/media?parent=3723"}],"wp:term":[{"taxonomy":"category","embeddable":true,"href":"https:\/\/nordesteimprensa.com.br\/index.php\/wp-json\/wp\/v2\/categories?post=3723"},{"taxonomy":"post_tag","embeddable":true,"href":"https:\/\/nordesteimprensa.com.br\/index.php\/wp-json\/wp\/v2\/tags?post=3723"}],"curies":[{"name":"wp","href":"https:\/\/api.w.org\/{rel}","templated":true}]}}