{"id":3729,"date":"2023-08-07T18:45:35","date_gmt":"2023-08-07T21:45:35","guid":{"rendered":"https:\/\/nordesteimprensa.com.br\/?p=3729"},"modified":"2023-08-07T18:45:36","modified_gmt":"2023-08-07T21:45:36","slug":"educacao-de-cristinapolis-ganha-destaque-por-resultados-do-saese-2022","status":"publish","type":"post","link":"https:\/\/nordesteimprensa.com.br\/index.php\/2023\/08\/07\/educacao-de-cristinapolis-ganha-destaque-por-resultados-do-saese-2022\/","title":{"rendered":"Educa\u00e7\u00e3o de Cristin\u00e1polis ganha destaque por resultados do SAESE 2022"},"content":{"rendered":"\n<p>A educa\u00e7\u00e3o do munic\u00edpio de Cristin\u00e1polis ganhou destaque pelos resultados do Sistema de Avalia\u00e7\u00e3o da Educa\u00e7\u00e3o B\u00e1sica de Sergipe (SAESE) 2022.<\/p>\n\n\n\n<p>Dentre os resultados obtidos pelo munic\u00edpio, Cristin\u00e1polis figurou no 5\u00ba lugar da Regi\u00e3o Sul-Sergipana na alfabetiza\u00e7\u00e3o; no 3\u00ba lugar do Ensino Fundamental Anos Iniciais; e no 3\u00ba lugar do Ensino Fundamental Anos Finais.<\/p>\n\n\n\n<p>J\u00e1 no ranking do Estado de Sergipe, o munic\u00edpio ficou no 13\u00ba da Alfabetiza\u00e7\u00e3o; no 9\u00ba lugar do Ensino Fundamental Anos Iniciais; e no 6\u00ba lugar do Ensino Fundamental Anos Finais.<\/p>\n\n\n\n<p>Segundo a Prefeitura de Cristin\u00e1polis, esses resultados s\u00e3o frutos do esfor\u00e7o conjunto de toda a comunidade escolar. \u201cContinuaremos empenhados em proporcionar um futuro brilhante para nossos estudantes\u201d, assegurou a gest\u00e3o.<\/p>\n\n\n\n<p><br><\/p>\n\n\n\n<figure class=\"wp-block-gallery has-nested-images columns-default is-cropped wp-block-gallery-1 is-layout-flex wp-block-gallery-is-layout-flex\">\n<figure class=\"wp-block-image size-large\"><img loading=\"lazy\" decoding=\"async\" width=\"1080\" height=\"1350\" data-id=\"3731\" src=\"https:\/\/nordesteimprensa.com.br\/wp-content\/uploads\/2023\/08\/dc373724-7e06-4bbc-851c-4cc58b587e4e.jpeg\" alt=\"\" class=\"wp-image-3731\" srcset=\"https:\/\/nordesteimprensa.com.br\/wp-content\/uploads\/2023\/08\/dc373724-7e06-4bbc-851c-4cc58b587e4e.jpeg 1080w, https:\/\/nordesteimprensa.com.br\/wp-content\/uploads\/2023\/08\/dc373724-7e06-4bbc-851c-4cc58b587e4e-240x300.jpeg 240w, https:\/\/nordesteimprensa.com.br\/wp-content\/uploads\/2023\/08\/dc373724-7e06-4bbc-851c-4cc58b587e4e-819x1024.jpeg 819w, https:\/\/nordesteimprensa.com.br\/wp-content\/uploads\/2023\/08\/dc373724-7e06-4bbc-851c-4cc58b587e4e-768x960.jpeg 768w\" sizes=\"auto, (max-width: 1080px) 100vw, 1080px\" \/><\/figure>\n<\/figure>\n\n\n\n<p><\/p>\n\n\n\n<p><\/p>\n\n\n\n<p><\/p>\n","protected":false},"excerpt":{"rendered":"<p>A educa\u00e7\u00e3o do munic\u00edpio de Cristin\u00e1polis ganhou destaque pelos resultados do Sistema de Avalia\u00e7\u00e3o da Educa\u00e7\u00e3o B\u00e1sica de Sergipe (SAESE) 2022. Dentre os resultados obtidos pelo munic\u00edpio, Cristin\u00e1polis figurou no 5\u00ba lugar da Regi\u00e3o Sul-Sergipana na alfabetiza\u00e7\u00e3o; no 3\u00ba lugar do Ensino Fundamental Anos Iniciais; e no 3\u00ba lugar do Ensino Fundamental Anos Finais. J\u00e1 [&hellip;]<\/p>\n","protected":false},"author":1,"featured_media":3730,"comment_status":"open","ping_status":"open","sticky":false,"template":"","format":"standard","meta":{"footnotes":""},"categories":[10],"tags":[],"class_list":{"0":"post-3729","1":"post","2":"type-post","3":"status-publish","4":"format-standard","5":"has-post-thumbnail","7":"category-theme-features"},"_links":{"self":[{"href":"https:\/\/nordesteimprensa.com.br\/index.php\/wp-json\/wp\/v2\/posts\/3729","targetHints":{"allow":["GET"]}}],"collection":[{"href":"https:\/\/nordesteimprensa.com.br\/index.php\/wp-json\/wp\/v2\/posts"}],"about":[{"href":"https:\/\/nordesteimprensa.com.br\/index.php\/wp-json\/wp\/v2\/types\/post"}],"author":[{"embeddable":true,"href":"https:\/\/nordesteimprensa.com.br\/index.php\/wp-json\/wp\/v2\/users\/1"}],"replies":[{"embeddable":true,"href":"https:\/\/nordesteimprensa.com.br\/index.php\/wp-json\/wp\/v2\/comments?post=3729"}],"version-history":[{"count":1,"href":"https:\/\/nordesteimprensa.com.br\/index.php\/wp-json\/wp\/v2\/posts\/3729\/revisions"}],"predecessor-version":[{"id":3732,"href":"https:\/\/nordesteimprensa.com.br\/index.php\/wp-json\/wp\/v2\/posts\/3729\/revisions\/3732"}],"wp:featuredmedia":[{"embeddable":true,"href":"https:\/\/nordesteimprensa.com.br\/index.php\/wp-json\/wp\/v2\/media\/3730"}],"wp:attachment":[{"href":"https:\/\/nordesteimprensa.com.br\/index.php\/wp-json\/wp\/v2\/media?parent=3729"}],"wp:term":[{"taxonomy":"category","embeddable":true,"href":"https:\/\/nordesteimprensa.com.br\/index.php\/wp-json\/wp\/v2\/categories?post=3729"},{"taxonomy":"post_tag","embeddable":true,"href":"https:\/\/nordesteimprensa.com.br\/index.php\/wp-json\/wp\/v2\/tags?post=3729"}],"curies":[{"name":"wp","href":"https:\/\/api.w.org\/{rel}","templated":true}]}}