{"id":3739,"date":"2023-08-09T08:44:30","date_gmt":"2023-08-09T11:44:30","guid":{"rendered":"https:\/\/nordesteimprensa.com.br\/?p=3739"},"modified":"2023-08-09T08:44:30","modified_gmt":"2023-08-09T11:44:30","slug":"ciclista-morre-apos-ser-atropelado-por-veiculo-na-avenida-beira-mar","status":"publish","type":"post","link":"https:\/\/nordesteimprensa.com.br\/index.php\/2023\/08\/09\/ciclista-morre-apos-ser-atropelado-por-veiculo-na-avenida-beira-mar\/","title":{"rendered":"Ciclista morre ap\u00f3s ser atropelado por ve\u00edculo na avenida Beira Mar"},"content":{"rendered":"\n<p>Ciclista morre ap\u00f3s ser atropelado por ve\u00edculo na avenida Beira Mar, <\/p>\n\n\n\n<p>Ainda segundo a SMTT, o ciclista passava pela faixa de pedestres, quando foi atropelado por um ve\u00edculo. Por conta do acidente, o tr\u00e2nsito est\u00e1 lento nas imedia\u00e7\u00f5es da avenida Beira Mar, com o cruzamento da avenida Tancredo Neves.<\/p>\n\n\n\n<p>Agentes da SMTT est\u00e3o no local, organizando o tr\u00e2nsito e a recomenda\u00e7\u00e3o \u00e9 que os condutores que evitem trafegar pela regi\u00e3o e utilizem rotas alternativas.<\/p>\n\n\n\n<p>fonte:  Infonet <\/p>\n\n\n\n<p><br><\/p>\n\n\n\n<p><\/p>\n\n\n\n<p><br><\/p>\n\n\n\n<p><\/p>\n","protected":false},"excerpt":{"rendered":"<p>Ciclista morre ap\u00f3s ser atropelado por ve\u00edculo na avenida Beira Mar, Ainda segundo a SMTT, o ciclista passava pela faixa de pedestres, quando foi atropelado por um ve\u00edculo. Por conta do acidente, o tr\u00e2nsito est\u00e1 lento nas imedia\u00e7\u00f5es da avenida Beira Mar, com o cruzamento da avenida Tancredo Neves. Agentes da SMTT est\u00e3o no local, [&hellip;]<\/p>\n","protected":false},"author":1,"featured_media":3740,"comment_status":"open","ping_status":"open","sticky":false,"template":"","format":"standard","meta":{"footnotes":""},"categories":[10],"tags":[],"class_list":{"0":"post-3739","1":"post","2":"type-post","3":"status-publish","4":"format-standard","5":"has-post-thumbnail","7":"category-theme-features"},"_links":{"self":[{"href":"https:\/\/nordesteimprensa.com.br\/index.php\/wp-json\/wp\/v2\/posts\/3739","targetHints":{"allow":["GET"]}}],"collection":[{"href":"https:\/\/nordesteimprensa.com.br\/index.php\/wp-json\/wp\/v2\/posts"}],"about":[{"href":"https:\/\/nordesteimprensa.com.br\/index.php\/wp-json\/wp\/v2\/types\/post"}],"author":[{"embeddable":true,"href":"https:\/\/nordesteimprensa.com.br\/index.php\/wp-json\/wp\/v2\/users\/1"}],"replies":[{"embeddable":true,"href":"https:\/\/nordesteimprensa.com.br\/index.php\/wp-json\/wp\/v2\/comments?post=3739"}],"version-history":[{"count":1,"href":"https:\/\/nordesteimprensa.com.br\/index.php\/wp-json\/wp\/v2\/posts\/3739\/revisions"}],"predecessor-version":[{"id":3741,"href":"https:\/\/nordesteimprensa.com.br\/index.php\/wp-json\/wp\/v2\/posts\/3739\/revisions\/3741"}],"wp:featuredmedia":[{"embeddable":true,"href":"https:\/\/nordesteimprensa.com.br\/index.php\/wp-json\/wp\/v2\/media\/3740"}],"wp:attachment":[{"href":"https:\/\/nordesteimprensa.com.br\/index.php\/wp-json\/wp\/v2\/media?parent=3739"}],"wp:term":[{"taxonomy":"category","embeddable":true,"href":"https:\/\/nordesteimprensa.com.br\/index.php\/wp-json\/wp\/v2\/categories?post=3739"},{"taxonomy":"post_tag","embeddable":true,"href":"https:\/\/nordesteimprensa.com.br\/index.php\/wp-json\/wp\/v2\/tags?post=3739"}],"curies":[{"name":"wp","href":"https:\/\/api.w.org\/{rel}","templated":true}]}}