{"id":3748,"date":"2023-08-09T17:03:27","date_gmt":"2023-08-09T20:03:27","guid":{"rendered":"https:\/\/nordesteimprensa.com.br\/?p=3748"},"modified":"2023-08-09T17:03:29","modified_gmt":"2023-08-09T20:03:29","slug":"foragida-da-justica-e-presa-apos-circular-pela-cidade-de-propria","status":"publish","type":"post","link":"https:\/\/nordesteimprensa.com.br\/index.php\/2023\/08\/09\/foragida-da-justica-e-presa-apos-circular-pela-cidade-de-propria\/","title":{"rendered":"Foragida da Justi\u00e7a \u00e9 presa ap\u00f3s circular pela cidade de Propri\u00e1"},"content":{"rendered":"\n<p>Equipes do 2\u00ba Batalh\u00e3o de Pol\u00edcia Militar (2\u00ba BPM) prenderam uma mulher com mandado de pris\u00e3o em aberto no Centro de Propri\u00e1, regi\u00e3o do Baixo S\u00e3o Francisco. A a\u00e7\u00e3o aconteceu nesta ter\u00e7a-feira, 8.<\/p>\n\n\n\n<p>Durante rondas ostensivas, os militares tomaram conhecimento de que uma mulher foragida da Justi\u00e7a circulava na cidade. A equipe intensificou o patrulhamento e localizou a suspeita na Rua Dom Jos\u00e9 Thom\u00e1s.<\/p>\n\n\n\n<p>Na consulta ao sistema de dados, ficou constatada a exist\u00eancia de um mandado de pris\u00e3o em aberto, expedido pela 1\u00aa Vara Criminal de Propri\u00e1. Ap\u00f3s o flagrante, a ocorr\u00eancia foi encaminhada \u00e0 delegacia do munic\u00edpio.<\/p>\n\n\n\n<p>Fonte:  Infonet <\/p>\n\n\n\n<p><\/p>\n\n\n\n<p><\/p>\n\n\n\n<p><\/p>\n\n\n\n<p><\/p>\n\n\n\n<p><\/p>\n\n\n\n<p><\/p>\n\n\n\n<p><\/p>\n\n\n\n<p><\/p>\n\n\n\n<p><\/p>\n\n\n\n<p><\/p>\n","protected":false},"excerpt":{"rendered":"<p>Equipes do 2\u00ba Batalh\u00e3o de Pol\u00edcia Militar (2\u00ba BPM) prenderam uma mulher com mandado de pris\u00e3o em aberto no Centro de Propri\u00e1, regi\u00e3o do Baixo S\u00e3o Francisco. A a\u00e7\u00e3o aconteceu nesta ter\u00e7a-feira, 8. Durante rondas ostensivas, os militares tomaram conhecimento de que uma mulher foragida da Justi\u00e7a circulava na cidade. A equipe intensificou o patrulhamento [&hellip;]<\/p>\n","protected":false},"author":1,"featured_media":3750,"comment_status":"open","ping_status":"open","sticky":false,"template":"","format":"standard","meta":{"footnotes":""},"categories":[10],"tags":[],"class_list":{"0":"post-3748","1":"post","2":"type-post","3":"status-publish","4":"format-standard","5":"has-post-thumbnail","7":"category-theme-features"},"_links":{"self":[{"href":"https:\/\/nordesteimprensa.com.br\/index.php\/wp-json\/wp\/v2\/posts\/3748","targetHints":{"allow":["GET"]}}],"collection":[{"href":"https:\/\/nordesteimprensa.com.br\/index.php\/wp-json\/wp\/v2\/posts"}],"about":[{"href":"https:\/\/nordesteimprensa.com.br\/index.php\/wp-json\/wp\/v2\/types\/post"}],"author":[{"embeddable":true,"href":"https:\/\/nordesteimprensa.com.br\/index.php\/wp-json\/wp\/v2\/users\/1"}],"replies":[{"embeddable":true,"href":"https:\/\/nordesteimprensa.com.br\/index.php\/wp-json\/wp\/v2\/comments?post=3748"}],"version-history":[{"count":1,"href":"https:\/\/nordesteimprensa.com.br\/index.php\/wp-json\/wp\/v2\/posts\/3748\/revisions"}],"predecessor-version":[{"id":3751,"href":"https:\/\/nordesteimprensa.com.br\/index.php\/wp-json\/wp\/v2\/posts\/3748\/revisions\/3751"}],"wp:featuredmedia":[{"embeddable":true,"href":"https:\/\/nordesteimprensa.com.br\/index.php\/wp-json\/wp\/v2\/media\/3750"}],"wp:attachment":[{"href":"https:\/\/nordesteimprensa.com.br\/index.php\/wp-json\/wp\/v2\/media?parent=3748"}],"wp:term":[{"taxonomy":"category","embeddable":true,"href":"https:\/\/nordesteimprensa.com.br\/index.php\/wp-json\/wp\/v2\/categories?post=3748"},{"taxonomy":"post_tag","embeddable":true,"href":"https:\/\/nordesteimprensa.com.br\/index.php\/wp-json\/wp\/v2\/tags?post=3748"}],"curies":[{"name":"wp","href":"https:\/\/api.w.org\/{rel}","templated":true}]}}