{"id":3755,"date":"2023-08-09T17:05:31","date_gmt":"2023-08-09T20:05:31","guid":{"rendered":"https:\/\/nordesteimprensa.com.br\/?p=3755"},"modified":"2023-08-09T17:05:32","modified_gmt":"2023-08-09T20:05:32","slug":"ciclista-morre-atropelado-na-avenida-beira-mar","status":"publish","type":"post","link":"https:\/\/nordesteimprensa.com.br\/index.php\/2023\/08\/09\/ciclista-morre-atropelado-na-avenida-beira-mar\/","title":{"rendered":"Ciclista morre atropelado na Avenida Beira Mar"},"content":{"rendered":"\n<p>Na manh\u00e3 da \u00faltima quarta-feira, 09, um ciclista de 35 anos, identificado como Rare Oliveira Paix\u00e3o, morreu ap\u00f3s ser atropelado por um carro na Avenida Beira Mar, em Aracaju.<\/p>\n\n\n\n<p>De acordo com a Superintend\u00eancia Municipal de Transportes e Tr\u00e2nsito (SMTT), as informa\u00e7\u00f5es iniciais s\u00e3o de que o ciclista atravessava a Beira Mar, quando um carro parou para ele atravessar, mas outro seguiu e o acidente ocorreu. Com o impacto, o homem morreu e a bicicleta ficou retorcida.<\/p>\n\n\n\n<p>A Companhia de Policiamento de Tr\u00e2nsito (CPTran) est\u00e1 no local apurando o caso. O tr\u00e2nsito est\u00e1 lento na regi\u00e3o. A SMTT recomenda aos condutores que evitem trafegar pela regi\u00e3o e utilizem rotas alternativas.<\/p>\n\n\n\n<p>Fonte: G1 SE<\/p>\n","protected":false},"excerpt":{"rendered":"<p>Na manh\u00e3 da \u00faltima quarta-feira, 09, um ciclista de 35 anos, identificado como Rare Oliveira Paix\u00e3o, morreu ap\u00f3s ser atropelado por um carro na Avenida Beira Mar, em Aracaju. De acordo com a Superintend\u00eancia Municipal de Transportes e Tr\u00e2nsito (SMTT), as informa\u00e7\u00f5es iniciais s\u00e3o de que o ciclista atravessava a Beira Mar, quando um carro [&hellip;]<\/p>\n","protected":false},"author":1,"featured_media":3756,"comment_status":"open","ping_status":"open","sticky":false,"template":"","format":"standard","meta":{"footnotes":""},"categories":[10],"tags":[],"class_list":{"0":"post-3755","1":"post","2":"type-post","3":"status-publish","4":"format-standard","5":"has-post-thumbnail","7":"category-theme-features"},"_links":{"self":[{"href":"https:\/\/nordesteimprensa.com.br\/index.php\/wp-json\/wp\/v2\/posts\/3755","targetHints":{"allow":["GET"]}}],"collection":[{"href":"https:\/\/nordesteimprensa.com.br\/index.php\/wp-json\/wp\/v2\/posts"}],"about":[{"href":"https:\/\/nordesteimprensa.com.br\/index.php\/wp-json\/wp\/v2\/types\/post"}],"author":[{"embeddable":true,"href":"https:\/\/nordesteimprensa.com.br\/index.php\/wp-json\/wp\/v2\/users\/1"}],"replies":[{"embeddable":true,"href":"https:\/\/nordesteimprensa.com.br\/index.php\/wp-json\/wp\/v2\/comments?post=3755"}],"version-history":[{"count":1,"href":"https:\/\/nordesteimprensa.com.br\/index.php\/wp-json\/wp\/v2\/posts\/3755\/revisions"}],"predecessor-version":[{"id":3757,"href":"https:\/\/nordesteimprensa.com.br\/index.php\/wp-json\/wp\/v2\/posts\/3755\/revisions\/3757"}],"wp:featuredmedia":[{"embeddable":true,"href":"https:\/\/nordesteimprensa.com.br\/index.php\/wp-json\/wp\/v2\/media\/3756"}],"wp:attachment":[{"href":"https:\/\/nordesteimprensa.com.br\/index.php\/wp-json\/wp\/v2\/media?parent=3755"}],"wp:term":[{"taxonomy":"category","embeddable":true,"href":"https:\/\/nordesteimprensa.com.br\/index.php\/wp-json\/wp\/v2\/categories?post=3755"},{"taxonomy":"post_tag","embeddable":true,"href":"https:\/\/nordesteimprensa.com.br\/index.php\/wp-json\/wp\/v2\/tags?post=3755"}],"curies":[{"name":"wp","href":"https:\/\/api.w.org\/{rel}","templated":true}]}}