{"id":3765,"date":"2023-08-10T10:11:39","date_gmt":"2023-08-10T13:11:39","guid":{"rendered":"https:\/\/nordesteimprensa.com.br\/?p=3765"},"modified":"2023-08-10T10:11:41","modified_gmt":"2023-08-10T13:11:41","slug":"em-sergipe-joao-gomes-comemora-espaco-que-o-piseiro-vem-ganhando","status":"publish","type":"post","link":"https:\/\/nordesteimprensa.com.br\/index.php\/2023\/08\/10\/em-sergipe-joao-gomes-comemora-espaco-que-o-piseiro-vem-ganhando\/","title":{"rendered":"Em Sergipe, Jo\u00e3o Gomes comemora espa\u00e7o que o piseiro vem ganhando"},"content":{"rendered":"\n<p>O cantor Jo\u00e3o Gomes est\u00e1 em&nbsp;<a class=\"\" href=\"https:\/\/g1.globo.com\/se\/sergipe\/cidade\/caninde-de-sao-francisco\/\">Canind\u00e9 de S\u00e3o Francisco<\/a>, no Sert\u00e3o de Sergipe, onde participa do DVD da<a class=\"\" href=\"https:\/\/g1.globo.com\/se\/sergipe\/noticia\/2023\/08\/09\/dupla-iguinho-e-lulinha-grava-dvd-em-sergipe.ghtml\">&nbsp;dupla sergipana Iguinho e Lulinha nesta quarta-feira<\/a>&nbsp;(9). Antes do show, o cantor pernambucano aproveitou para conhecer as belezas da regi\u00e3o.&nbsp;<\/p>\n\n\n\n<blockquote class=\"wp-block-quote is-layout-flow wp-block-quote-is-layout-flow\"><p>\u201cEstou muito feliz pela nossa m\u00fasica, por esses dois vaqueiros que andam representando toda a regi\u00e3o. S\u00f3 agradecer a Deus por eles em nossas vidas e poder participar dessa grava\u00e7\u00e3o\u201d, disse em suas redes sociais.<\/p><cite>fonte: G1 <\/cite><\/blockquote>\n\n\n\n<p><br><\/p>\n\n\n\n<p><\/p>\n\n\n\n<p><\/p>\n\n\n\n<p><\/p>\n\n\n\n<p><\/p>\n","protected":false},"excerpt":{"rendered":"<p>O cantor Jo\u00e3o Gomes est\u00e1 em&nbsp;Canind\u00e9 de S\u00e3o Francisco, no Sert\u00e3o de Sergipe, onde participa do DVD da&nbsp;dupla sergipana Iguinho e Lulinha nesta quarta-feira&nbsp;(9). Antes do show, o cantor pernambucano aproveitou para conhecer as belezas da regi\u00e3o.&nbsp; \u201cEstou muito feliz pela nossa m\u00fasica, por esses dois vaqueiros que andam representando toda a regi\u00e3o. S\u00f3 agradecer [&hellip;]<\/p>\n","protected":false},"author":1,"featured_media":3766,"comment_status":"open","ping_status":"open","sticky":false,"template":"","format":"standard","meta":{"footnotes":""},"categories":[10],"tags":[],"class_list":{"0":"post-3765","1":"post","2":"type-post","3":"status-publish","4":"format-standard","5":"has-post-thumbnail","7":"category-theme-features"},"_links":{"self":[{"href":"https:\/\/nordesteimprensa.com.br\/index.php\/wp-json\/wp\/v2\/posts\/3765","targetHints":{"allow":["GET"]}}],"collection":[{"href":"https:\/\/nordesteimprensa.com.br\/index.php\/wp-json\/wp\/v2\/posts"}],"about":[{"href":"https:\/\/nordesteimprensa.com.br\/index.php\/wp-json\/wp\/v2\/types\/post"}],"author":[{"embeddable":true,"href":"https:\/\/nordesteimprensa.com.br\/index.php\/wp-json\/wp\/v2\/users\/1"}],"replies":[{"embeddable":true,"href":"https:\/\/nordesteimprensa.com.br\/index.php\/wp-json\/wp\/v2\/comments?post=3765"}],"version-history":[{"count":1,"href":"https:\/\/nordesteimprensa.com.br\/index.php\/wp-json\/wp\/v2\/posts\/3765\/revisions"}],"predecessor-version":[{"id":3767,"href":"https:\/\/nordesteimprensa.com.br\/index.php\/wp-json\/wp\/v2\/posts\/3765\/revisions\/3767"}],"wp:featuredmedia":[{"embeddable":true,"href":"https:\/\/nordesteimprensa.com.br\/index.php\/wp-json\/wp\/v2\/media\/3766"}],"wp:attachment":[{"href":"https:\/\/nordesteimprensa.com.br\/index.php\/wp-json\/wp\/v2\/media?parent=3765"}],"wp:term":[{"taxonomy":"category","embeddable":true,"href":"https:\/\/nordesteimprensa.com.br\/index.php\/wp-json\/wp\/v2\/categories?post=3765"},{"taxonomy":"post_tag","embeddable":true,"href":"https:\/\/nordesteimprensa.com.br\/index.php\/wp-json\/wp\/v2\/tags?post=3765"}],"curies":[{"name":"wp","href":"https:\/\/api.w.org\/{rel}","templated":true}]}}