{"id":3768,"date":"2023-08-11T09:24:04","date_gmt":"2023-08-11T12:24:04","guid":{"rendered":"https:\/\/nordesteimprensa.com.br\/?p=3768"},"modified":"2023-08-11T09:24:06","modified_gmt":"2023-08-11T12:24:06","slug":"meninas-sao-as-principais-vitimas-de-estupro-disfarcado-de-relacionamento","status":"publish","type":"post","link":"https:\/\/nordesteimprensa.com.br\/index.php\/2023\/08\/11\/meninas-sao-as-principais-vitimas-de-estupro-disfarcado-de-relacionamento\/","title":{"rendered":"Meninas s\u00e3o as principais v\u00edtimas de estupro disfar\u00e7ado de relacionamento"},"content":{"rendered":"\n<p>Como a\u00e7\u00f5es de conscientiza\u00e7\u00e3o sobre a viol\u00eancia praticada em raz\u00e3o de g\u00eanero propostas no \u2018Agosto Lil\u00e1s\u2019, est\u00e1 a de alertar sobre os atos que, embora sejam crimes, ainda podem passam despercebidos pela sociedade. Dentre esses atos, est\u00e3o os relacionamentos com pessoas at\u00e9 14 anos que, na maioria das vezes, s\u00e3o meninas. Neste caso, tem-se o crime de estupro de vulner\u00e1vel.<\/p>\n\n\n\n<p>De acordo com a delegada Marcela Souza, da Delegacia de Atendimento a Grupos Vulner\u00e1veis (DAGV) de Est\u00e2ncia, crian\u00e7as e adolescentes menores de 14 anos n\u00e3o podem praticar ato sexual e n\u00e3o podem namorar. \u201cEnt\u00e3o o crime de estupro de vulner\u00e1vel \u00e9 a pr\u00e1tica de conjun\u00e7\u00e3o carnal ou algum outro ato libidinoso com meninas ou meninos menores de 14 anos de idade\u201d, evidenciou.<\/p>\n\n\n\n<p>Conforme a delegada, embora o Estatuto da Crian\u00e7a e do Adolescente (ECA) delimite que crian\u00e7as s\u00e3o pessoas de at\u00e9 12 anos e que s\u00e3o adolescentes dos 14 aos 18 anos, o crime espec\u00edfico de estupro de vulner\u00e1vel abarca todas as crian\u00e7as e adolescentes at\u00e9 14 anos. \u201cNessas situa\u00e7\u00f5es n\u00e3o cabe analisar o consentimento da v\u00edtima, pois se presume a viol\u00eancia de ordem absoluta\u201d, explicou.<\/p>\n\n\n\n<p>Marcela Souza acrescentou que, portanto, conforme a legisla\u00e7\u00e3o penal, crian\u00e7as e adolescentes de at\u00e9 14 anos n\u00e3o podem decidir e praticar qualquer rela\u00e7\u00e3o sexual. \u201cEnt\u00e3o n\u00e3o cabe uma discuss\u00e3o sobre se ela quis ou n\u00e3o quis. \u00c9 crime considerado hediondo, inclusive, com uma pena alt\u00edssima de oito a 15 anos em nosso ordenamento jur\u00eddico\u201d, reiterou a delegada.<\/p>\n\n\n\n<p><strong>Den\u00fancias<\/strong><\/p>\n\n\n\n<p>As v\u00edtimas de viol\u00eancia em raz\u00e3o de g\u00eanero, bem como toda a sociedade, devem comunicar os casos \u00e0 pol\u00edcia. As situa\u00e7\u00f5es de flagrante devem ser comunicadas \u00e0 Pol\u00edcia Militar pelo telefone 190. Os casos de crimes recorrentes devem ser comunicados ao Disque-Den\u00fancia (181). As v\u00edtimas podem procurar o Departamento e Delegacias de Atendimento a Grupos Vulner\u00e1veis (DAGVs), ou ainda qualquer delegacia no pr\u00f3prio munic\u00edpio.<\/p>\n\n\n\n<p>Fonte: SSP\/SE<\/p>\n","protected":false},"excerpt":{"rendered":"<p>Como a\u00e7\u00f5es de conscientiza\u00e7\u00e3o sobre a viol\u00eancia praticada em raz\u00e3o de g\u00eanero propostas no \u2018Agosto Lil\u00e1s\u2019, est\u00e1 a de alertar sobre os atos que, embora sejam crimes, ainda podem passam despercebidos pela sociedade. Dentre esses atos, est\u00e3o os relacionamentos com pessoas at\u00e9 14 anos que, na maioria das vezes, s\u00e3o meninas. Neste caso, tem-se o [&hellip;]<\/p>\n","protected":false},"author":1,"featured_media":3769,"comment_status":"open","ping_status":"open","sticky":false,"template":"","format":"standard","meta":{"footnotes":""},"categories":[10],"tags":[],"class_list":{"0":"post-3768","1":"post","2":"type-post","3":"status-publish","4":"format-standard","5":"has-post-thumbnail","7":"category-theme-features"},"_links":{"self":[{"href":"https:\/\/nordesteimprensa.com.br\/index.php\/wp-json\/wp\/v2\/posts\/3768","targetHints":{"allow":["GET"]}}],"collection":[{"href":"https:\/\/nordesteimprensa.com.br\/index.php\/wp-json\/wp\/v2\/posts"}],"about":[{"href":"https:\/\/nordesteimprensa.com.br\/index.php\/wp-json\/wp\/v2\/types\/post"}],"author":[{"embeddable":true,"href":"https:\/\/nordesteimprensa.com.br\/index.php\/wp-json\/wp\/v2\/users\/1"}],"replies":[{"embeddable":true,"href":"https:\/\/nordesteimprensa.com.br\/index.php\/wp-json\/wp\/v2\/comments?post=3768"}],"version-history":[{"count":1,"href":"https:\/\/nordesteimprensa.com.br\/index.php\/wp-json\/wp\/v2\/posts\/3768\/revisions"}],"predecessor-version":[{"id":3770,"href":"https:\/\/nordesteimprensa.com.br\/index.php\/wp-json\/wp\/v2\/posts\/3768\/revisions\/3770"}],"wp:featuredmedia":[{"embeddable":true,"href":"https:\/\/nordesteimprensa.com.br\/index.php\/wp-json\/wp\/v2\/media\/3769"}],"wp:attachment":[{"href":"https:\/\/nordesteimprensa.com.br\/index.php\/wp-json\/wp\/v2\/media?parent=3768"}],"wp:term":[{"taxonomy":"category","embeddable":true,"href":"https:\/\/nordesteimprensa.com.br\/index.php\/wp-json\/wp\/v2\/categories?post=3768"},{"taxonomy":"post_tag","embeddable":true,"href":"https:\/\/nordesteimprensa.com.br\/index.php\/wp-json\/wp\/v2\/tags?post=3768"}],"curies":[{"name":"wp","href":"https:\/\/api.w.org\/{rel}","templated":true}]}}