{"id":3771,"date":"2023-08-11T09:25:43","date_gmt":"2023-08-11T12:25:43","guid":{"rendered":"https:\/\/nordesteimprensa.com.br\/?p=3771"},"modified":"2023-08-11T09:25:44","modified_gmt":"2023-08-11T12:25:44","slug":"precariedade-de-onibus-coletivo-de-aracaju-vira-piada-nas-redes-sociais-exclusiva-cadeira-reclinavel","status":"publish","type":"post","link":"https:\/\/nordesteimprensa.com.br\/index.php\/2023\/08\/11\/precariedade-de-onibus-coletivo-de-aracaju-vira-piada-nas-redes-sociais-exclusiva-cadeira-reclinavel\/","title":{"rendered":"Precariedade de \u00f4nibus coletivo de Aracaju vira piada nas redes sociais: &#8216;exclusiva cadeira reclin\u00e1vel&#8217;"},"content":{"rendered":"\n<p>Cadeiras danificadas, buracos no ch\u00e3o, sujeira e ferrugem em \u00f4nibus do transporte p\u00fablico da Grande&nbsp;<a class=\"\" href=\"https:\/\/g1.globo.com\/se\/sergipe\/cidade\/aracaju\/\">Aracaju<\/a>&nbsp;viraram alvos de reclama\u00e7\u00e3o e piada de usu\u00e1rios do servi\u00e7o nas redes sociais nos \u00faltimos dias.&nbsp;<\/p>\n\n\n\n<p>Uma das postagens, feita no dia 8 de agosto, pelo professor C\u00e9zar Augusto, mostra uma cadeira quebrada com o encosto solto. \u201cAs exclusivas reclin\u00e1veis no transporte p\u00fablico\u201d, ironizou.&nbsp;<\/p>\n\n\n\n<blockquote class=\"wp-block-quote is-layout-flow wp-block-quote-is-layout-flow\"><p>A linha \u00e9 a 001-Augusto Franco\/Bugio, que o professor utiliza todos os dias. \u201cO pre\u00e7o n\u00e3o condiz com a demanda e qualidade, no in\u00edcio da manh\u00e3 o 001 n\u00e3o cumpre os hor\u00e1rios e ainda vemos \u00f4nibus com baratas, ferros expostos, portas danificadas e os bancos como mostra o v\u00eddeo\u201d, reclamou.<\/p><\/blockquote>\n\n\n\n<p>Al\u00e9m das condi\u00e7\u00f5es do \u00f4nibus, C\u00e9zar Augusto falou que h\u00e1 problema com a quantidade de ve\u00edculos. \u201cAqui no conjunto onde moro, Augusto Franco, a linha 702 parece extinta, sem falar na disponibilidade nos finais de semana, onde a situa\u00e7\u00e3o \u00e9 gritante no Terminal Campus [na Universidade Federal de Sergipe, em S\u00e3o Crist\u00f3v\u00e3o].&nbsp;<\/p>\n\n\n\n<p>No v\u00eddeo postado pelo professor, um dos coment\u00e1rios diz: \u201cMorei 1 ano em Aracaju e a qualidade do transporte p\u00fablico era um dos meus maiores pesadelos. A cidade \u00e9 bem conectada pelas esta\u00e7\u00f5es, mas fiquei assustado com os \u00f4nibus prec\u00e1rios, sujos e a selvageria que gerava por causa de poucos hor\u00e1rios dispon\u00edveis pro volume de passageiros\u201d.<\/p>\n\n\n\n<p><br><\/p>\n\n\n\n<p><\/p>\n\n\n\n<p><\/p>\n\n\n\n<p><\/p>\n\n\n\n<p><\/p>\n\n\n\n<p><\/p>\n","protected":false},"excerpt":{"rendered":"<p>Cadeiras danificadas, buracos no ch\u00e3o, sujeira e ferrugem em \u00f4nibus do transporte p\u00fablico da Grande&nbsp;Aracaju&nbsp;viraram alvos de reclama\u00e7\u00e3o e piada de usu\u00e1rios do servi\u00e7o nas redes sociais nos \u00faltimos dias.&nbsp; Uma das postagens, feita no dia 8 de agosto, pelo professor C\u00e9zar Augusto, mostra uma cadeira quebrada com o encosto solto. \u201cAs exclusivas reclin\u00e1veis no [&hellip;]<\/p>\n","protected":false},"author":1,"featured_media":3772,"comment_status":"open","ping_status":"open","sticky":false,"template":"","format":"standard","meta":{"footnotes":""},"categories":[10],"tags":[],"class_list":{"0":"post-3771","1":"post","2":"type-post","3":"status-publish","4":"format-standard","5":"has-post-thumbnail","7":"category-theme-features"},"_links":{"self":[{"href":"https:\/\/nordesteimprensa.com.br\/index.php\/wp-json\/wp\/v2\/posts\/3771","targetHints":{"allow":["GET"]}}],"collection":[{"href":"https:\/\/nordesteimprensa.com.br\/index.php\/wp-json\/wp\/v2\/posts"}],"about":[{"href":"https:\/\/nordesteimprensa.com.br\/index.php\/wp-json\/wp\/v2\/types\/post"}],"author":[{"embeddable":true,"href":"https:\/\/nordesteimprensa.com.br\/index.php\/wp-json\/wp\/v2\/users\/1"}],"replies":[{"embeddable":true,"href":"https:\/\/nordesteimprensa.com.br\/index.php\/wp-json\/wp\/v2\/comments?post=3771"}],"version-history":[{"count":1,"href":"https:\/\/nordesteimprensa.com.br\/index.php\/wp-json\/wp\/v2\/posts\/3771\/revisions"}],"predecessor-version":[{"id":3773,"href":"https:\/\/nordesteimprensa.com.br\/index.php\/wp-json\/wp\/v2\/posts\/3771\/revisions\/3773"}],"wp:featuredmedia":[{"embeddable":true,"href":"https:\/\/nordesteimprensa.com.br\/index.php\/wp-json\/wp\/v2\/media\/3772"}],"wp:attachment":[{"href":"https:\/\/nordesteimprensa.com.br\/index.php\/wp-json\/wp\/v2\/media?parent=3771"}],"wp:term":[{"taxonomy":"category","embeddable":true,"href":"https:\/\/nordesteimprensa.com.br\/index.php\/wp-json\/wp\/v2\/categories?post=3771"},{"taxonomy":"post_tag","embeddable":true,"href":"https:\/\/nordesteimprensa.com.br\/index.php\/wp-json\/wp\/v2\/tags?post=3771"}],"curies":[{"name":"wp","href":"https:\/\/api.w.org\/{rel}","templated":true}]}}