{"id":3775,"date":"2023-08-12T10:35:17","date_gmt":"2023-08-12T13:35:17","guid":{"rendered":"https:\/\/nordesteimprensa.com.br\/?p=3775"},"modified":"2023-08-12T10:35:19","modified_gmt":"2023-08-12T13:35:19","slug":"familia-de-crianca-abusada-por-jovem-em-aracaju-tinha-conhecimento-sobre-o-crime-diz-delegada","status":"publish","type":"post","link":"https:\/\/nordesteimprensa.com.br\/index.php\/2023\/08\/12\/familia-de-crianca-abusada-por-jovem-em-aracaju-tinha-conhecimento-sobre-o-crime-diz-delegada\/","title":{"rendered":"Fam\u00edlia de crian\u00e7a abusada por jovem em Aracaju tinha conhecimento sobre o crime, diz delegada"},"content":{"rendered":"\n<p>Um homem de 24 anos foi preso pelo estupro de uma crian\u00e7a de nove anos em&nbsp;<a class=\"\" href=\"https:\/\/g1.globo.com\/se\/sergipe\/cidade\/aracaju\/\">Aracaju<\/a>. A informa\u00e7\u00e3o foi divulgada pela Pol\u00edcia Civil, nesta sexta-feira (11). O investigado era amigo do irm\u00e3o da v\u00edtima.&nbsp;<\/p>\n\n\n\n<p>De acordo com a delegada e diretora do Departamento de Atendimento aos Grupos Vulner\u00e1veis (DAGV), Mariana Diniz, familiares tinham conhecimento do crime, mas n\u00e3o haviam denunciado.&nbsp;<\/p>\n\n\n\n<p>\u201cEsse caso chegou ao nosso conhecimento atrav\u00e9s de uma outra investiga\u00e7\u00e3o, um inqu\u00e9rito policial em que este mesmo investigado teria abusado sexualmente de uma adolescente de 15 anos. Uma testemunha deste caso, contou que havia uma crian\u00e7a que tamb\u00e9m era v\u00edtima do mesmo investigado&#8221;, disse.&nbsp;<\/p>\n\n\n\n<p>Ainda segundo a delegada, as investiga\u00e7\u00f5es continuam, pois podem haver outras v\u00edtimas. Al\u00e9m disso, ser\u00e1 apurada a conduta omissa da fam\u00edlia.<\/p>\n\n\n\n<p><br><\/p>\n\n\n\n<p><\/p>\n\n\n\n<p><\/p>\n\n\n\n<p><\/p>\n\n\n\n<p><\/p>\n\n\n\n<p><\/p>\n","protected":false},"excerpt":{"rendered":"<p>Um homem de 24 anos foi preso pelo estupro de uma crian\u00e7a de nove anos em&nbsp;Aracaju. A informa\u00e7\u00e3o foi divulgada pela Pol\u00edcia Civil, nesta sexta-feira (11). O investigado era amigo do irm\u00e3o da v\u00edtima.&nbsp; De acordo com a delegada e diretora do Departamento de Atendimento aos Grupos Vulner\u00e1veis (DAGV), Mariana Diniz, familiares tinham conhecimento do [&hellip;]<\/p>\n","protected":false},"author":1,"featured_media":3776,"comment_status":"open","ping_status":"open","sticky":false,"template":"","format":"standard","meta":{"footnotes":""},"categories":[10],"tags":[],"class_list":{"0":"post-3775","1":"post","2":"type-post","3":"status-publish","4":"format-standard","5":"has-post-thumbnail","7":"category-theme-features"},"_links":{"self":[{"href":"https:\/\/nordesteimprensa.com.br\/index.php\/wp-json\/wp\/v2\/posts\/3775","targetHints":{"allow":["GET"]}}],"collection":[{"href":"https:\/\/nordesteimprensa.com.br\/index.php\/wp-json\/wp\/v2\/posts"}],"about":[{"href":"https:\/\/nordesteimprensa.com.br\/index.php\/wp-json\/wp\/v2\/types\/post"}],"author":[{"embeddable":true,"href":"https:\/\/nordesteimprensa.com.br\/index.php\/wp-json\/wp\/v2\/users\/1"}],"replies":[{"embeddable":true,"href":"https:\/\/nordesteimprensa.com.br\/index.php\/wp-json\/wp\/v2\/comments?post=3775"}],"version-history":[{"count":1,"href":"https:\/\/nordesteimprensa.com.br\/index.php\/wp-json\/wp\/v2\/posts\/3775\/revisions"}],"predecessor-version":[{"id":3777,"href":"https:\/\/nordesteimprensa.com.br\/index.php\/wp-json\/wp\/v2\/posts\/3775\/revisions\/3777"}],"wp:featuredmedia":[{"embeddable":true,"href":"https:\/\/nordesteimprensa.com.br\/index.php\/wp-json\/wp\/v2\/media\/3776"}],"wp:attachment":[{"href":"https:\/\/nordesteimprensa.com.br\/index.php\/wp-json\/wp\/v2\/media?parent=3775"}],"wp:term":[{"taxonomy":"category","embeddable":true,"href":"https:\/\/nordesteimprensa.com.br\/index.php\/wp-json\/wp\/v2\/categories?post=3775"},{"taxonomy":"post_tag","embeddable":true,"href":"https:\/\/nordesteimprensa.com.br\/index.php\/wp-json\/wp\/v2\/tags?post=3775"}],"curies":[{"name":"wp","href":"https:\/\/api.w.org\/{rel}","templated":true}]}}