{"id":3794,"date":"2023-08-14T19:05:25","date_gmt":"2023-08-14T22:05:25","guid":{"rendered":"https:\/\/nordesteimprensa.com.br\/?p=3794"},"modified":"2023-08-14T19:05:26","modified_gmt":"2023-08-14T22:05:26","slug":"sobrinho-e-suspeito-de-enganar-o-tio-e-aplicar-golpe-de-r-350-mil","status":"publish","type":"post","link":"https:\/\/nordesteimprensa.com.br\/index.php\/2023\/08\/14\/sobrinho-e-suspeito-de-enganar-o-tio-e-aplicar-golpe-de-r-350-mil\/","title":{"rendered":"Sobrinho \u00e9 suspeito de enganar o tio e aplicar golpe de R$ 350 mil\u00a0"},"content":{"rendered":"\n<p>Tr\u00eas homens investigados pelo crime de estelionato, envolvendo a venda de uma casa avaliada em R$ 350 mil, na regi\u00e3o do Robalo, na Zona de Expans\u00e3o de Aracaju, foram presos na \u00faltima sexta-feira, 14. Os investigados tentaram vender um im\u00f3vel do qual eles n\u00e3o eram os donos. A\u00e7\u00e3o policial foi divulgada nesta segunda-feira, 14.<\/p>\n\n\n\n<p>De acordo com a delegada Lauana Guedes, as investiga\u00e7\u00f5es come\u00e7aram no ano passado. \u201cOs autos relataram, inicialmente, uma suposta viola\u00e7\u00e3o de domic\u00edlio em que a Pol\u00edcia Militar interveio. No decorrer da investiga\u00e7\u00e3o, ficou constatado que houve um crime de estelionato em que tr\u00eas pessoas se associaram para vender o bem de um terceiro\u201d, iniciou.<\/p>\n\n\n\n<p>Conforme a delegada, a venda foi poss\u00edvel porque um dos envolvidos \u00e9 sobrinho do dono do im\u00f3vel. \u201cEle estava em posse da documenta\u00e7\u00e3o e, inicialmente, alugou a outro envolvido. Em seguida, os dois se juntaram para tentar vend\u00ea-la a um terceiro que, por sua vez, vendeu a uma pessoa de boa-f\u00e9 por R$ 350 mil\u201d, detalhou.<\/p>\n","protected":false},"excerpt":{"rendered":"<p>Tr\u00eas homens investigados pelo crime de estelionato, envolvendo a venda de uma casa avaliada em R$ 350 mil, na regi\u00e3o do Robalo, na Zona de Expans\u00e3o de Aracaju, foram presos na \u00faltima sexta-feira, 14. Os investigados tentaram vender um im\u00f3vel do qual eles n\u00e3o eram os donos. A\u00e7\u00e3o policial foi divulgada nesta segunda-feira, 14. De [&hellip;]<\/p>\n","protected":false},"author":6,"featured_media":3795,"comment_status":"open","ping_status":"open","sticky":false,"template":"","format":"standard","meta":{"footnotes":""},"categories":[10],"tags":[],"class_list":{"0":"post-3794","1":"post","2":"type-post","3":"status-publish","4":"format-standard","5":"has-post-thumbnail","7":"category-theme-features"},"_links":{"self":[{"href":"https:\/\/nordesteimprensa.com.br\/index.php\/wp-json\/wp\/v2\/posts\/3794","targetHints":{"allow":["GET"]}}],"collection":[{"href":"https:\/\/nordesteimprensa.com.br\/index.php\/wp-json\/wp\/v2\/posts"}],"about":[{"href":"https:\/\/nordesteimprensa.com.br\/index.php\/wp-json\/wp\/v2\/types\/post"}],"author":[{"embeddable":true,"href":"https:\/\/nordesteimprensa.com.br\/index.php\/wp-json\/wp\/v2\/users\/6"}],"replies":[{"embeddable":true,"href":"https:\/\/nordesteimprensa.com.br\/index.php\/wp-json\/wp\/v2\/comments?post=3794"}],"version-history":[{"count":1,"href":"https:\/\/nordesteimprensa.com.br\/index.php\/wp-json\/wp\/v2\/posts\/3794\/revisions"}],"predecessor-version":[{"id":3796,"href":"https:\/\/nordesteimprensa.com.br\/index.php\/wp-json\/wp\/v2\/posts\/3794\/revisions\/3796"}],"wp:featuredmedia":[{"embeddable":true,"href":"https:\/\/nordesteimprensa.com.br\/index.php\/wp-json\/wp\/v2\/media\/3795"}],"wp:attachment":[{"href":"https:\/\/nordesteimprensa.com.br\/index.php\/wp-json\/wp\/v2\/media?parent=3794"}],"wp:term":[{"taxonomy":"category","embeddable":true,"href":"https:\/\/nordesteimprensa.com.br\/index.php\/wp-json\/wp\/v2\/categories?post=3794"},{"taxonomy":"post_tag","embeddable":true,"href":"https:\/\/nordesteimprensa.com.br\/index.php\/wp-json\/wp\/v2\/tags?post=3794"}],"curies":[{"name":"wp","href":"https:\/\/api.w.org\/{rel}","templated":true}]}}