{"id":3797,"date":"2023-08-14T19:06:12","date_gmt":"2023-08-14T22:06:12","guid":{"rendered":"https:\/\/nordesteimprensa.com.br\/?p=3797"},"modified":"2023-08-14T19:06:12","modified_gmt":"2023-08-14T22:06:12","slug":"botafogo-contrata-atacante-sergipano-diego-costa","status":"publish","type":"post","link":"https:\/\/nordesteimprensa.com.br\/index.php\/2023\/08\/14\/botafogo-contrata-atacante-sergipano-diego-costa\/","title":{"rendered":"Botafogo contrata atacante sergipano Diego Costa"},"content":{"rendered":"\n<p>O sergipano Diego Costa \u00e9 o novo contratado para compor a equipe do Botafogo de Futebol e Regatas. A informa\u00e7\u00e3o foi confirmada pelo glorioso nesta segunda-feira, 14.<\/p>\n\n\n\n<p>O lagartense, de 34 anos, firmou o contrato com a equipe alvinegra at\u00e9 o final de 2023. O sergipano chegou na manh\u00e3 desta segunda-feira, 14, ao Rio de Janeiro, cidade do clube.<\/p>\n\n\n\n<p>A data da coletiva de imprensa para apresenta\u00e7\u00e3o do atacante ainda n\u00e3o foi divulgada pelo clube.<\/p>\n","protected":false},"excerpt":{"rendered":"<p>O sergipano Diego Costa \u00e9 o novo contratado para compor a equipe do Botafogo de Futebol e Regatas. A informa\u00e7\u00e3o foi confirmada pelo glorioso nesta segunda-feira, 14. O lagartense, de 34 anos, firmou o contrato com a equipe alvinegra at\u00e9 o final de 2023. O sergipano chegou na manh\u00e3 desta segunda-feira, 14, ao Rio de [&hellip;]<\/p>\n","protected":false},"author":6,"featured_media":3798,"comment_status":"open","ping_status":"open","sticky":false,"template":"","format":"standard","meta":{"footnotes":""},"categories":[10],"tags":[],"class_list":{"0":"post-3797","1":"post","2":"type-post","3":"status-publish","4":"format-standard","5":"has-post-thumbnail","7":"category-theme-features"},"_links":{"self":[{"href":"https:\/\/nordesteimprensa.com.br\/index.php\/wp-json\/wp\/v2\/posts\/3797","targetHints":{"allow":["GET"]}}],"collection":[{"href":"https:\/\/nordesteimprensa.com.br\/index.php\/wp-json\/wp\/v2\/posts"}],"about":[{"href":"https:\/\/nordesteimprensa.com.br\/index.php\/wp-json\/wp\/v2\/types\/post"}],"author":[{"embeddable":true,"href":"https:\/\/nordesteimprensa.com.br\/index.php\/wp-json\/wp\/v2\/users\/6"}],"replies":[{"embeddable":true,"href":"https:\/\/nordesteimprensa.com.br\/index.php\/wp-json\/wp\/v2\/comments?post=3797"}],"version-history":[{"count":1,"href":"https:\/\/nordesteimprensa.com.br\/index.php\/wp-json\/wp\/v2\/posts\/3797\/revisions"}],"predecessor-version":[{"id":3799,"href":"https:\/\/nordesteimprensa.com.br\/index.php\/wp-json\/wp\/v2\/posts\/3797\/revisions\/3799"}],"wp:featuredmedia":[{"embeddable":true,"href":"https:\/\/nordesteimprensa.com.br\/index.php\/wp-json\/wp\/v2\/media\/3798"}],"wp:attachment":[{"href":"https:\/\/nordesteimprensa.com.br\/index.php\/wp-json\/wp\/v2\/media?parent=3797"}],"wp:term":[{"taxonomy":"category","embeddable":true,"href":"https:\/\/nordesteimprensa.com.br\/index.php\/wp-json\/wp\/v2\/categories?post=3797"},{"taxonomy":"post_tag","embeddable":true,"href":"https:\/\/nordesteimprensa.com.br\/index.php\/wp-json\/wp\/v2\/tags?post=3797"}],"curies":[{"name":"wp","href":"https:\/\/api.w.org\/{rel}","templated":true}]}}