{"id":3800,"date":"2023-08-15T17:52:58","date_gmt":"2023-08-15T20:52:58","guid":{"rendered":"https:\/\/nordesteimprensa.com.br\/?p=3800"},"modified":"2023-08-15T17:53:00","modified_gmt":"2023-08-15T20:53:00","slug":"apagao-nacional-deixa-cidades-de-sergipe-sem-energia-e-gera-engarrafamentos-suspensao-de-aulas-e-restricoes-de-servicos-de-saude","status":"publish","type":"post","link":"https:\/\/nordesteimprensa.com.br\/index.php\/2023\/08\/15\/apagao-nacional-deixa-cidades-de-sergipe-sem-energia-e-gera-engarrafamentos-suspensao-de-aulas-e-restricoes-de-servicos-de-saude\/","title":{"rendered":"Apag\u00e3o nacional deixa cidades de Sergipe sem energia e gera engarrafamentos, suspens\u00e3o de aulas e restri\u00e7\u00f5es de servi\u00e7os de sa\u00fade\u00a0"},"content":{"rendered":"\n<p>Um&nbsp;<a class=\"\" href=\"https:\/\/g1.globo.com\/pi\/piaui\/noticia\/2023\/08\/15\/apagao-nacional-deixa-cidades-sem-energia.ghtml\">apag\u00e3o nacional<\/a>&nbsp;deixou cidades sergipanas e de 25 estados, al\u00e9m do Distrito Federal, sem energia nesta ter\u00e7a-feira (15). Em Aracaju, o problema gerou engarrafamentos, suspens\u00e3o de aulas e restri\u00e7\u00f5es de servi\u00e7os de sa\u00fade. A interrup\u00e7\u00e3o foi registrada a partir das 8h30.&nbsp;<\/p>\n\n\n\n<p>Segundo a Energisa, 748 mil clientes das 63 cidades a que atende, ficaram sem o abastecimento. Por volta das 11h, o servi\u00e7o foi totalmente retomado. J\u00e1 os 12 munic\u00edpios atendidos pela Sulgipe, com 165 mil clientes, tiveram a energia reestabelecida \u00e0s 13h10.&nbsp;<\/p>\n\n\n\n<p>O&nbsp;<a class=\"\" href=\"https:\/\/g1.globo.com\/economia\/noticia\/2023\/08\/15\/ministerio-diz-que-sistema-nacional-de-energia-foi-restabelecido-fora-alguns-locais-pontuais.ghtml\">Minist\u00e9rio de Minas e Energia informou por volta de 15h desta ter\u00e7a-feira (15) que o sistema nacional de energia foi restabelecido<\/a>, ap\u00f3s o apag\u00e3o do in\u00edcio do dia. Segundo o minist\u00e9rio, apenas algumas localidades pontuais ainda necessitavam de ajustes na parte da tarde.&nbsp;<\/p>\n\n\n\n<h2 class=\"wp-block-heading\">Transtornos<\/h2>\n\n\n\n<p>Em Aracaju, sinais de tr\u00e2nsito ficaram sem funcionar e engarrafamentos se formaram nas principais avenidas. Segundo a Superintend\u00eancia Municipal de Tr\u00e2nsito e Transportes (SMTT), 40 agentes foram enviados para os principais cruzamentos.&nbsp;<\/p>\n\n\n\n<p>O plant\u00e3o ficou suspenso por cerca de duas horas no Hospital Fernando Franco, na Zona Sul, sendo normalizado no fim da manh\u00e3. Os atendimentos nas unidades b\u00e1sicas de sa\u00fade, que foram parcialmente afetados, tamb\u00e9m est\u00e3o sendo retomados.<\/p>\n\n\n\n<p><br><\/p>\n\n\n\n<p><\/p>\n\n\n\n<p><\/p>\n\n\n\n<p><\/p>\n\n\n\n<p><\/p>\n\n\n\n<p><\/p>\n","protected":false},"excerpt":{"rendered":"<p>Um&nbsp;apag\u00e3o nacional&nbsp;deixou cidades sergipanas e de 25 estados, al\u00e9m do Distrito Federal, sem energia nesta ter\u00e7a-feira (15). Em Aracaju, o problema gerou engarrafamentos, suspens\u00e3o de aulas e restri\u00e7\u00f5es de servi\u00e7os de sa\u00fade. A interrup\u00e7\u00e3o foi registrada a partir das 8h30.&nbsp; Segundo a Energisa, 748 mil clientes das 63 cidades a que atende, ficaram sem o [&hellip;]<\/p>\n","protected":false},"author":6,"featured_media":3801,"comment_status":"open","ping_status":"open","sticky":false,"template":"","format":"standard","meta":{"footnotes":""},"categories":[10],"tags":[],"class_list":{"0":"post-3800","1":"post","2":"type-post","3":"status-publish","4":"format-standard","5":"has-post-thumbnail","7":"category-theme-features"},"_links":{"self":[{"href":"https:\/\/nordesteimprensa.com.br\/index.php\/wp-json\/wp\/v2\/posts\/3800","targetHints":{"allow":["GET"]}}],"collection":[{"href":"https:\/\/nordesteimprensa.com.br\/index.php\/wp-json\/wp\/v2\/posts"}],"about":[{"href":"https:\/\/nordesteimprensa.com.br\/index.php\/wp-json\/wp\/v2\/types\/post"}],"author":[{"embeddable":true,"href":"https:\/\/nordesteimprensa.com.br\/index.php\/wp-json\/wp\/v2\/users\/6"}],"replies":[{"embeddable":true,"href":"https:\/\/nordesteimprensa.com.br\/index.php\/wp-json\/wp\/v2\/comments?post=3800"}],"version-history":[{"count":1,"href":"https:\/\/nordesteimprensa.com.br\/index.php\/wp-json\/wp\/v2\/posts\/3800\/revisions"}],"predecessor-version":[{"id":3802,"href":"https:\/\/nordesteimprensa.com.br\/index.php\/wp-json\/wp\/v2\/posts\/3800\/revisions\/3802"}],"wp:featuredmedia":[{"embeddable":true,"href":"https:\/\/nordesteimprensa.com.br\/index.php\/wp-json\/wp\/v2\/media\/3801"}],"wp:attachment":[{"href":"https:\/\/nordesteimprensa.com.br\/index.php\/wp-json\/wp\/v2\/media?parent=3800"}],"wp:term":[{"taxonomy":"category","embeddable":true,"href":"https:\/\/nordesteimprensa.com.br\/index.php\/wp-json\/wp\/v2\/categories?post=3800"},{"taxonomy":"post_tag","embeddable":true,"href":"https:\/\/nordesteimprensa.com.br\/index.php\/wp-json\/wp\/v2\/tags?post=3800"}],"curies":[{"name":"wp","href":"https:\/\/api.w.org\/{rel}","templated":true}]}}